{"id":458,"date":"2020-11-03T17:42:21","date_gmt":"2020-11-03T20:42:21","guid":{"rendered":"https:\/\/revistaenraizada.com\/?p=458"},"modified":"2024-07-18T16:33:05","modified_gmt":"2024-07-18T19:33:05","slug":"tupac-amaru-los-andes-se-rebelan","status":"publish","type":"post","link":"https:\/\/revistaenraizada.com\/index.php\/2020\/11\/03\/tupac-amaru-los-andes-se-rebelan\/","title":{"rendered":"La era de Tupac Amaru: Los andes se rebelan"},"content":{"rendered":"\n<figure class=\"wp-block-image size-large\"><img loading=\"lazy\" width=\"1024\" height=\"576\" src=\"https:\/\/revistaenraizada.com\/wp-content\/uploads\/2020\/11\/portada-1024x576.jpg\" alt=\"\" class=\"wp-image-474\" srcset=\"https:\/\/revistaenraizada.com\/wp-content\/uploads\/2020\/11\/portada-1024x576.jpg 1024w, https:\/\/revistaenraizada.com\/wp-content\/uploads\/2020\/11\/portada-300x169.jpg 300w, https:\/\/revistaenraizada.com\/wp-content\/uploads\/2020\/11\/portada-768x432.jpg 768w, https:\/\/revistaenraizada.com\/wp-content\/uploads\/2020\/11\/portada.jpg 1280w\" sizes=\"(max-width: 1024px) 100vw, 1024px\" \/><figcaption>(Imagen &#8211;  De izquierda a a derecha: Tomas Katari, Tupac Amaru, Micaela Bastidas, Tupak Katari y Bartolina Sisa)<\/figcaption><\/figure>\n\n\n\n<h3>por Zoe Brodsky Mercer<\/h3>\n\n\n\n<p>Todes o\u00edmos nombrar alguna vez a Tupac Amaru, pero \u00bfsabemos qui\u00e9n fue o qu\u00e9 hizo? La mayor\u00eda probablemente no sepamos que su verdadero nombre era Jos\u00e9 Gabriel, que era miembro de la aristocracia ind\u00edgena, y que el levantamiento que lider\u00f3 en 1780 hizo temblar al sistema colonial del siglo XVIII (quiz\u00e1s sospechemos ese \u00faltimo dato).<\/p>\n\n\n\n<p>El movimiento de Tupac Amaru fue un punto de relevancia dentro de un mapa de varios levantamientos de distinto alcance. Consideramos a los movimientos de 1780-1781 como parteaguas hist\u00f3ricos, ya que a partir de entonces las sociedades ind\u00edgenas dejaron de ser consideradas como una \u201csegunda rep\u00fablica\u201d, pasando a la visibilizaci\u00f3n bajo en englobante concepto de \u201ccampesinos\u201d.<\/p>\n\n\n\n<p>Hasta 1781 la din\u00e1mica colonial se mov\u00eda dentro del principio de las dos rep\u00fablicas: la de los espa\u00f1oles, por un lado, y la de \u201clos indios\u201d, por el otro. Aunque de manera subordinada, las sociedades ind\u00edgenas conservaban ciertos privilegios y autonom\u00eda, aunque acatando algunas obligaciones hacia la corona.<\/p>\n\n\n\n<p><br>Los agentes imperiales impusieron esas obligaciones mediante los \u201cpueblos de indios\u201d o \u201cpueblos de reducci\u00f3n\u201d: una suerte de municipio ind\u00edgena en torno al cual se les intent\u00f3 controlar m\u00e1s eficientemente, imponer la religi\u00f3n cristiana y obligaciones econ\u00f3micas. La autoridad superior era el corregidor -representante de la corona- y a \u00e9l estaba subordinado el o los caciques\/curacas.<\/p>\n\n\n\n<p>El escenario \u201carm\u00f3nico\u201d se desequilibr\u00f3 con la Guerra de los Siete A\u00f1os (1756 -1763), el primer gran conflicto entre varias potencias europeas por el control colonial en Am\u00e9rica y \u00c1frica. Ese conflicto desencaden\u00f3 una serie de reformas denominadas borb\u00f3nicas en el imperio espa\u00f1ol. Su objetivo fue la defensa de los territorios americanos. Defensa que ven\u00eda de la mano de grandes sumas de dinero que recayeron sobre los sectores m\u00e1s postergados: los pueblos ind\u00edgenas.<\/p>\n\n\n\n<div class=\"wp-block-image\"><figure class=\"aligncenter size-large\"><img loading=\"lazy\" width=\"512\" height=\"285\" src=\"https:\/\/revistaenraizada.com\/wp-content\/uploads\/2020\/11\/portada-1.jpg\" alt=\"\" class=\"wp-image-461\" srcset=\"https:\/\/revistaenraizada.com\/wp-content\/uploads\/2020\/11\/portada-1.jpg 512w, https:\/\/revistaenraizada.com\/wp-content\/uploads\/2020\/11\/portada-1-300x167.jpg 300w\" sizes=\"(max-width: 512px) 100vw, 512px\" \/><\/figure><\/div>\n\n\n\n<p>Rompiendo con derechos y privilegios locales, base de aquella armon\u00eda, la corona les oblig\u00f3 a trabajar m\u00e1s tiempo en horribles condiciones en la mina de Potos\u00ed y a pagar mayores impuestos como la Alcabala (impuesto a la venta de productos).<\/p>\n\n\n\n<p><br>En este marco se produjeron una serie de rebeliones en la zona m\u00e1s desfavorecida por las reformas: el virreinato del Per\u00fa. Hubo varios focos de rebeliones, pero los de mayor alcance fueron tres: el de Potos\u00ed dirigido por Tom\u00e1s Katari, el de Cuzco liderado por Tupac Amaru II, y el de La Paz encabezada por Tupac Katari.<\/p>\n\n\n\n<figure class=\"wp-block-image size-large\"><img loading=\"lazy\" width=\"1024\" height=\"1024\" src=\"https:\/\/revistaenraizada.com\/wp-content\/uploads\/2020\/11\/Cuzco.-Quechuas-1024x1024.png\" alt=\"\" class=\"wp-image-462\" srcset=\"https:\/\/revistaenraizada.com\/wp-content\/uploads\/2020\/11\/Cuzco.-Quechuas-1024x1024.png 1024w, https:\/\/revistaenraizada.com\/wp-content\/uploads\/2020\/11\/Cuzco.-Quechuas-300x300.png 300w, https:\/\/revistaenraizada.com\/wp-content\/uploads\/2020\/11\/Cuzco.-Quechuas-150x150.png 150w, https:\/\/revistaenraizada.com\/wp-content\/uploads\/2020\/11\/Cuzco.-Quechuas-768x768.png 768w, https:\/\/revistaenraizada.com\/wp-content\/uploads\/2020\/11\/Cuzco.-Quechuas.png 1080w\" sizes=\"(max-width: 1024px) 100vw, 1024px\" \/><figcaption>(Mapa actual con la localizaci\u00f3n de los tres conflictos)<\/figcaption><\/figure>\n\n\n\n<p>Estas rebeliones ind\u00edgenas fueron esencialmente antifiscales, locales y contra funcionarios de la corona, no contra ella. Su lema fue \u201cviva el rey, muerte al mal gobierno\u201d.<\/p>\n\n\n\n<h2>Primeros levantamientos: el pueblo Mancha en Potos\u00ed<\/h2>\n\n\n\n<p>El pueblo mancha de la provincia Chayanta, cercana al centro minero Potos\u00ed -actual Bolivia-, fue el primer foco revolucionario.<\/p>\n\n\n\n<p>Las reformas borb\u00f3nicas determinaron la asignaci\u00f3n de curacas por parte del corregidor de turno, no del pueblo. Esto fue ampliamente repudiado porque del curaca depend\u00eda el bienestar, incluso la supervivencia de cada comunidad. A esto se le sum\u00f3 varias presiones econ\u00f3micas: la obligaci\u00f3n de compra de una canasta b\u00e1sica de alimentos mucho m\u00e1s cara que en el mercado, nuevos o m\u00e1s pesados impuestos (como la alcabala) y las brutales obligaciones de trabajo minero. Todo esto en un contexto de ca\u00edda de precios de los productos ind\u00edgenas. Ante esta situaci\u00f3n de absoluta vulnerabilidad econ\u00f3mica, el pueblo mancha hizo varias denuncias frente la justicia colonial, en su mayor\u00eda deso\u00eddas.<\/p>\n\n\n\n<h2>Los hechos<\/h2>\n\n\n\n<p>Entre 1772 y 1774 un nuevo arancel eclesi\u00e1stico, la falta de respuesta por parte de la justicia colonial y la designaci\u00f3n de un nuevo cacique (un hombre rico m\u00e1s cercano a la elite colonial que al pueblo al que dirig\u00eda) termin\u00f3 de desatar una ola de violentas revueltas. El l\u00edder de los manchas fue Tomas Katari, un indio del com\u00fan.<\/p>\n\n\n\n<p>En 1778 fue elegido un nuevo corregidor, Joaqu\u00edn Al\u00f3s. Para ese entonces los manchas hab\u00edan logrado varios fallos en favor de sus reclamos, los cuales presentaron al nuevo corregidor en busca de ser llevados a la pr\u00e1ctica. Al\u00f3s se los arrebat\u00f3 e hizo azotar y encarcelar a Katari. Comprendieron, entonces, que ning\u00fan fallo ser\u00eda leg\u00edtimo sin estar respaldado por la movilizaci\u00f3n popular.<\/p>\n\n\n\n<p>quien consideraran c\u00f3mplice del encarcelamiento. El corregidor mismo fue emboscado varias veces. En septiembre de 1780 fue secuestrado y tomado prisionero en Chayanta. All\u00ed lo obligaron a redactar una carta que asegurara la liberaci\u00f3n del l\u00edder ind\u00edgena, la reducci\u00f3n general de la canasta b\u00e1sica, su renuncia como corregidor y el tan esperado cumplimiento de los fallos obtenidos. Tras la expulsi\u00f3n de Al\u00f3s y la liberaci\u00f3n de Katari, el \u00faltimo fue elegido como curaca de su pueblo.<\/p>\n\n\n\n<p>Lejos de representar un levantamiento contra el orden colonial, los sucesos representaron una manera de hacer cumplir los decretos oficiales. Tras este suceso, la autoridad comenz\u00f3 a ser percibida como provenientes de los hombres del com\u00fan con capacidad de liderazgo. Ya no se apelar\u00eda a la justicia colonial, sino al l\u00edder regional: Tomas Katari. \u00c9ste comenz\u00f3 a mediar entre pueblos y corona. Otros pueblos ind\u00edgenas de la regi\u00f3n siguieron el ejemplo mancha, capturando a los curacas impopulares y llev\u00e1ndolos ante Katari para que \u00e9l decidiera qu\u00e9 hacer con ellos.<\/p>\n\n\n\n<p>La represi\u00f3n colonial comenz\u00f3 cuando un grupo ind\u00edgena asesin\u00f3 al curaca m\u00e1s poderoso de la provincia. Esto desat\u00f3 el encarcelamiento de Tomas Katari a inicios de 1781. En su rescate, sus seguidores organizaron una emboscada a los carceleros mientras lo trasladaban. Estos \u00faltimos en la desesperaci\u00f3n de la emboscada decidieron asesinar a Katari; la respuesta ind\u00edgena fue rotunda: los apedrearon hasta la muerte.<\/p>\n\n\n\n<p>Este hecho radicaliz\u00f3 la lucha. Los herederos del movimiento de Katari fueron sus hermanos, D\u00e1maso y Nicol\u00e1s, ahora jefes de la insurrecci\u00f3n. La movilizaci\u00f3n se torn\u00f3 regional y la mayor parte de los grupos ind\u00edgenas respondieron al liderazgo de los hermanos Katari. Estos declararon abolidas las cargas fiscales y designaron nuevos curacas.<\/p>\n\n\n\n<p>La movilizaci\u00f3n ind\u00edgena alcanz\u00f3 a todos los pueblos ind\u00edgenas de la regi\u00f3n, que amenazaron con tomar la hist\u00f3rica ciudad colonial, Chuquisaca, si no se cumpl\u00edan sus exigencias. Sin embargo, el enfrentamiento termin\u00f3 con la derrota de las tropas ind\u00edgenas. Ante el fortalecimiento realista y una oferta de perd\u00f3n para aquellos ind\u00edgenas que se rindieran y demostraran lealtad a la corona, cientos de ind\u00edgenas se retiraron de la lucha e incluso entregaron a los cabecillas, los hermanos Katari.<\/p>\n\n\n\n<p>Aquella deserci\u00f3n tiene que ver con qui\u00e9nes eran les que formaron parte del levantamiento: familias campesinas que no estaban dispuestos a abandonar las tierras de sus antepasados. Si la insurrecci\u00f3n segu\u00eda y resultaban vencidos, la \u00fanica alternativa de sobrevivir era huir, un lujo que no se pod\u00edan dar.<br>Sin embargo, la chispa revolucionaria hab\u00eda logrado encender la lucha del pueblo quechua, comandado por Tupac Amaru II en la antigua capital del <a href=\"https:\/\/revistaenraizada.com\/index.php\/2020\/09\/15\/tahuantinsuyu-los-andes-durante-el-dominio-de-los-incas\/\" target=\"_blank\" rel=\"noreferrer noopener\">Tahuantinsuyu <\/a>Cuzco.<\/p>\n\n\n\n<h2>Cuzco: el levantamiento quechua y Tupac Amaru II.<\/h2>\n\n\n\n<figure class=\"wp-block-image size-large\"><img loading=\"lazy\" width=\"815\" height=\"334\" src=\"https:\/\/revistaenraizada.com\/wp-content\/uploads\/2020\/11\/815px-Cuzco_Decembre_2007_-_Panorama_1.jpg\" alt=\"\" class=\"wp-image-463\" srcset=\"https:\/\/revistaenraizada.com\/wp-content\/uploads\/2020\/11\/815px-Cuzco_Decembre_2007_-_Panorama_1.jpg 815w, https:\/\/revistaenraizada.com\/wp-content\/uploads\/2020\/11\/815px-Cuzco_Decembre_2007_-_Panorama_1-300x123.jpg 300w, https:\/\/revistaenraizada.com\/wp-content\/uploads\/2020\/11\/815px-Cuzco_Decembre_2007_-_Panorama_1-768x315.jpg 768w\" sizes=\"(max-width: 815px) 100vw, 815px\" \/><figcaption>(Imagen actual de Cuzco)<\/figcaption><\/figure>\n\n\n\n<p>En Cuzco el l\u00edder fue Jos\u00e9 Gabriel Condorcanqui, mejor conocido como Tupac Amaru II. (Tupac Amaru I fue el \u00faltimo Inca -\u201crey\u201d- derrotado por los espa\u00f1oles durante la conquista). A diferencia del l\u00edder mancha, Amaru era un curaca perteneciente a la aristocracia ind\u00edgena inca muy vinculado con el mundo espa\u00f1ol.<\/p>\n\n\n\n<div class=\"wp-block-image\"><figure class=\"aligncenter size-large\"><img loading=\"lazy\" width=\"220\" height=\"293\" src=\"https:\/\/revistaenraizada.com\/wp-content\/uploads\/2020\/11\/unnamed.jpg\" alt=\"\" class=\"wp-image-464\"\/><figcaption>(Monumento actual en el Cuzco, en homenaje a Jos\u00e9 Gabriel T\u00fapac Amaru, en la plaza hom\u00f3nima)<\/figcaption><\/figure><\/div>\n\n\n\n<p>Los quechuas se revelaron, sobre todo, contra las crecientes obligaciones de trabajar en la mina de Potos\u00ed: ir hasta all\u00ed significaba una verdadera migraci\u00f3n en masa. Entre Cuzco y Potos\u00ed hay 1288 kil\u00f3metros, unas 261 horas de caminata, sin parar, seg\u00fan Google Maps. Su reclamo contra estas presiones fue apoyado por curacas vecinos, y su petitorio ante la justicia colonial, denegado.<\/p>\n\n\n\n<p>La violencia comenz\u00f3 el 4 de noviembre de 1780 cuando les rebeldes emboscaron a su corregidor, Antonio de Arriaga. Lo tomaron prisionero y obligaron a escribir una carta a su nombre solicitando el env\u00edo de armas, dinero y la congregaci\u00f3n de los habitantes de la zona en el pueblo Tungasuca el 9 de noviembre.<\/p>\n\n\n\n<p>Ese d\u00eda Tupac Amaru anunci\u00f3 ante miles de personas de origen espa\u00f1ol, mestizo e ind\u00edgenas -entre los cuales hab\u00eda unos 4 mil ind\u00edgenas armados- que \u201cpor orden del Rey&#8221; -evidentemente falso- quedaba abolida la Alcabala, la mita minera en Potos\u00ed y que el corregidor ser\u00eda ajusticiado (asesinado). Arriaga fue ahorcado por orden Tupac, un ind\u00edgena descendiente de la elite incaica, los antiguos poseedores de la tierra.<\/p>\n\n\n\n<p>A partir de este suceso comenz\u00f3 un paulatino cuestionamiento a la inferioridad racial y a las presiones econ\u00f3micas y pol\u00edticas. As\u00ed comenz\u00f3 un gran renacimiento cultural incaico en todo el virreinato del Per\u00fa.<\/p>\n\n\n\n<p>Luego de ajusticiar al corregidor, los rebeldes se pusieron en marcha hacia Cuzco destruyendo talleres de haciendas y liberando a sus trabajadores semi-serviles. El avance ind\u00edgena fue motivo de terror entre la poblaci\u00f3n hisp\u00e1nica, por lo que rebeldes y realistas se enfrentaron en batalla el 17 de noviembre en Sangarar\u00e1. La victoria rebelde fue sucedida por su marcha hacia el sur, donde encontraron el apoyo de cientos de \u201cindios\u201d.<\/p>\n\n\n\n<p>Para entonces Tupac Amaru dirig\u00eda a casi treinta mil ind\u00edgenas armados con intenci\u00f3n de tomar Cuzco. El objetivo: hacer cumplir sus exigencias mediante negociaciones pac\u00edficas o violencia directa. Ante la amenaza, la sociedad civil cuzque\u00f1a se dispuso a combatir en las milicias, adem\u00e1s de esperar con impaciencia la llegada del ej\u00e9rcito oficial. La v\u00eda pac\u00edfica no prosper\u00f3 y la batalla decisiva tuvo lugar el 8 de enero de 1781, cuando las tropas realistas lograron sofocar a las ind\u00edgenas. Desde entonces la rebeli\u00f3n se fue desplazando hacia el sur y perdiendo fuerza.<\/p>\n\n\n\n<p>Al igual que en Potos\u00ed, las ofertas de perd\u00f3n hicieron mella en algunos sectores ind\u00edgenas que se sumaron a las fuerzas realistas. La derrota de los rebeldes en Picchu a mediados de enero de 1781 hizo que las y los tupamaristas se dividieran: Tupac se dirigi\u00f3 al sur para reorganizarse y su primo, Diego Crist\u00f3bal, al norte.<\/p>\n\n\n\n<h2>De Amaru a Katari<\/h2>\n\n\n\n<p><br>A fines de febrero, mientras tanto, arrib\u00f3 a Cuzco una de las m\u00e1ximas autoridades de Per\u00fa: el visitador general del reino Jos\u00e9 Antonio de Areche, junto con diecisiete mil soldados realistas. Los dos n\u00facleos tupamaristas fueron derrotados, aunque Diego Crist\u00f3bal y un reducido grupo logr\u00f3 escapar.<\/p>\n\n\n\n<p>Tupac Amaru y sus seguidores trataron de huir, pero fueron capturados y llevados a Urcos. Amaru, Micaela Bastidas, dos de sus hijos y otros cabecillas fueron secuestrados y torturados por varias semanas para que confiesen los nombres de sus aliados. Los auto-proclamados \u201cportadores de la civilizaci\u00f3n\u201d descuartizaron vivos a les l\u00edderes rebeldes en una plaza p\u00fablica el 18 de mayo de 1781.<\/p>\n\n\n\n<div class=\"wp-block-image\"><figure class=\"aligncenter size-large\"><img loading=\"lazy\" width=\"350\" height=\"156\" src=\"https:\/\/revistaenraizada.com\/wp-content\/uploads\/2020\/11\/Tupac_amaru_desmembramiento.jpg\" alt=\"\" class=\"wp-image-465\" srcset=\"https:\/\/revistaenraizada.com\/wp-content\/uploads\/2020\/11\/Tupac_amaru_desmembramiento.jpg 350w, https:\/\/revistaenraizada.com\/wp-content\/uploads\/2020\/11\/Tupac_amaru_desmembramiento-300x134.jpg 300w\" sizes=\"(max-width: 350px) 100vw, 350px\" \/><figcaption>(Dibujo con el desmembramiento de Tupac Amaru II)<\/figcaption><\/figure><\/div>\n\n\n\n<p>Luego de perder a los principales dirigentes, los rebeldes siguieron su marcha sure\u00f1a. Cerca de lo que hoy es el l\u00edmite entre Argentina y Bolivia, organizaron una guerra de guerrillas contra las debilitadas tropas realistas. Tras varias batallas vencidas, los rebeldes comandados por Diego Crist\u00f3bal lograron establecerse en Az\u00e1ngaro.<\/p>\n\n\n\n<p>Sin embargo, la suerte de los insurrectos se decidir\u00eda en el curso de 1781 en una localidad entre el norte cuzque\u00f1o y el sur potosino: el levantamiento de Tupac Katari y del pueblo aymaras.<\/p>\n\n\n\n<h2>La Paz: aymaras y la batalla decisiva.<\/h2>\n\n\n\n<div class=\"wp-block-image\"><figure class=\"aligncenter size-large\"><img loading=\"lazy\" width=\"250\" height=\"203\" src=\"https:\/\/revistaenraizada.com\/wp-content\/uploads\/2020\/11\/unnamed.png\" alt=\"\" class=\"wp-image-466\" srcset=\"https:\/\/revistaenraizada.com\/wp-content\/uploads\/2020\/11\/unnamed.png 250w, https:\/\/revistaenraizada.com\/wp-content\/uploads\/2020\/11\/unnamed-100x80.png 100w\" sizes=\"(max-width: 250px) 100vw, 250px\" \/><figcaption>(Dibujo del Cerro Rico de Potos\u00ed grabado en 1715)<\/figcaption><\/figure><\/div>\n\n\n\n<p>La rebeli\u00f3n en el altiplano de La Paz fue resultado de los levantamientos ind\u00edgenas locales movilizados en armas a nombre de los movimientos de Tomas Katari y Tupac Amaru. Juli\u00e1n Azapa, mejor conocido como Tupac Katari, era un indio del com\u00fan, comerciante de coca, hablante de aimara que desconoc\u00eda en espa\u00f1ol. Su nombre y su movimiento son un reflejo de las influencias cuzque\u00f1a y potosina.<\/p>\n\n\n\n<figure class=\"wp-block-image size-large\"><img loading=\"lazy\" width=\"1000\" height=\"733\" src=\"https:\/\/revistaenraizada.com\/wp-content\/uploads\/2020\/11\/Tupac_Katari_y_Bartolina_Sisa_-_panoramio.jpg\" alt=\"\" class=\"wp-image-467\" srcset=\"https:\/\/revistaenraizada.com\/wp-content\/uploads\/2020\/11\/Tupac_Katari_y_Bartolina_Sisa_-_panoramio.jpg 1000w, https:\/\/revistaenraizada.com\/wp-content\/uploads\/2020\/11\/Tupac_Katari_y_Bartolina_Sisa_-_panoramio-300x220.jpg 300w, https:\/\/revistaenraizada.com\/wp-content\/uploads\/2020\/11\/Tupac_Katari_y_Bartolina_Sisa_-_panoramio-768x563.jpg 768w\" sizes=\"(max-width: 1000px) 100vw, 1000px\" \/><figcaption>(Estatua de Bartolina Sisa y Tupac Catari en El Alto, Departamento de La Paz, Bolivia)<\/figcaption><\/figure>\n\n\n\n<p>El descontento aymara ten\u00eda ra\u00edces en los repartos forzosos de mercanc\u00edas y la creciente intromisi\u00f3n de los corregidores en la elecci\u00f3n de curacas. En febrero de 1781 distintos grupos ind\u00edgenas pace\u00f1os se levantaron contra hacendosos, funcionarios y la elite colonial.<\/p>\n\n\n\n<p>El levantamiento comenz\u00f3 en marzo, cuando Tupac Katari mand\u00f3 a ajusticiar a corregidores, caciques impopulares, cobradores y \u201ctoda persona que parezca espa\u00f1ola\u201d. El ej\u00e9rcito se moviliz\u00f3 para sofocarlas, pero en este caso la adhesi\u00f3n ind\u00edgena fue imposible. La superioridad num\u00e9rica de les rebeldes fue determinante.<\/p>\n\n\n\n<p>El objetivo de Tupac Katari era sitiar la ciudad de La Paz, uno de los m\u00e1s pujantes centros mercantiles sud andinos, desabastecerla de v\u00edveres y obtener su rendici\u00f3n para que les fueran concedidos sus reclamos. La Paz, una enorme depresi\u00f3n geogr\u00e1fica, no era dif\u00edcil de sitiar: bastaba con ocupar El Alto, la pampa elevada que la rodeaba. Varios ataques realistas se sucedieron, pero todos fueron doblegados por les insurgentes.<\/p>\n\n\n\n<div class=\"wp-block-image\"><figure class=\"aligncenter size-large\"><img loading=\"lazy\" width=\"250\" height=\"211\" src=\"https:\/\/revistaenraizada.com\/wp-content\/uploads\/2020\/11\/unnamed-1.jpg\" alt=\"\" class=\"wp-image-468\"\/><figcaption>(Plano de la Ciudad de La Paz en 1781)<\/figcaption><\/figure><\/div>\n\n\n\n<p>Hacia fines de marzo el sitio estaba consolidado, los v\u00edveres comenzaban a escasear y la \u00fanica esperanza de les habitantes era la eventual llegada de los ej\u00e9rcitos de Tucum\u00e1n y Buenos Aires. Se sucedieron ataques repentinos y el intercambio de correspondencia entre Katari y las autoridades de la ciudad, pero ning\u00fan lado estaba dispuesto a ceder la victoria.<\/p>\n\n\n\n<p>El cerco se mantuvo firme hasta la llegada del ej\u00e9rcito rioplatense el 1 de julio. Por orden de Katari les rebeldes desalojaron El Alto. El fin del primer sitio a la ciudad se produjo sin mayores combates. Entre tanto, las tropas de Tupac Katari recibieron la ayuda y refuerzos quechuas enviados por Diego Crist\u00f3bal, el ahora m\u00e1ximo jefe insurrecto de Cuzco.<\/p>\n\n\n\n<p>El segundo sitio a La Paz comenz\u00f3 a principios de agosto, cuando el ej\u00e9rcito rioplatense se retir\u00f3 de La Paz por la imposibilidad de mantener a sus tropas, acosadas por el hambre y las enfermedades.<\/p>\n\n\n\n<p>El sitio estaba azotando a les habitantes pace\u00f1os: el hambre los hab\u00eda obligado a recurrir incluso a la antropofagia y el cementerio estaba totalmente repleto de cad\u00e1veres. Los ataques ind\u00edgenas eran constantes. En esas incursiones, les habitantes de la ciudad capturaron a una de las principales lugartenientes de Katari, Bartolina Sisa, personaje de extrema importancia en el ej\u00e9rcito rebelde.<\/p>\n\n\n\n<p><br>El principio del fin comenz\u00f3 a mediados de septiembre. Ante la llegada de una nueva tanda de tropas realistas los rebeldes aymaras se retiraron del Alto sin mediar batalla para evitar una masacre. Sin embargo, los realistas se apresuraron a atacar las fuerzas ind\u00edgenas, logrando derrotarlas.<\/p>\n\n\n\n<p>Para ese entonces las negociaciones de paz hab\u00edan comenzado. El virrey del Per\u00fa, Jauregui, hab\u00eda hecho ofertas de paz y perd\u00f3n general a todes aquelles que abandonaran las armas; Diego Crist\u00f3bal acept\u00f3 dicho acuerdo el mismo d\u00eda de la victoria realista, el 17 de octubre.<\/p>\n\n\n\n<p>Katari y su s\u00e9quito se dispuso a reorganizar la resistencia mientras miles de ind\u00edgenas se trasladaron a entregar las armas y recibir el perd\u00f3n. El momento de la rebeli\u00f3n ya hab\u00eda pasado. Katari fue traicionado por uno de sus colaboradores y fue emboscado por el ej\u00e9rcito realista a comienzos de noviembre. El 14 de ese mes Tupac Katari fue descuartizado vivo por cuatro caballos y su cabeza fue expuesta en una pica.<\/p>\n\n\n\n<h2>\u00bfQu\u00e9 termin\u00f3 con el sofocamiento de les rebeldes?<\/h2>\n\n\n\n<p>El fin de las rebeliones termin\u00f3 con la concepci\u00f3n de las comunidades ind\u00edgenas como una segunda rep\u00fablica: una sociedad compleja, estratificada, con privilegios privados y colectivos, con c\u00f3digos de justicia y religiosos propios. Con la profanaci\u00f3n de iglesias, las indiscriminadas masacres, el cuestionamiento a la jerarqu\u00eda europea, el modelo de \u201clas dos rep\u00fablicas\u201d lleg\u00f3 a su fin.<\/p>\n\n\n\n<p>Los pueblos originarios pasar\u00edan a perder toda su estratificaci\u00f3n interna ante las autoridades coloniales. Estas vastas sociedades empezaron a aparecer como vestigios muertos de una civilizaci\u00f3n extinta hac\u00eda siglos, un mito en el que se cae incluso en la actualidad y que las revoluciones de independencia de 1810 mantuvieron.<\/p>\n\n\n\n<p>El terrible fin de esta historia es el comienzo de la homogeneizaci\u00f3n de los pueblos ind\u00edgenas y de su trato indiferenciado como \u201ccampesinos\u201d, parte de los discursos nacionalistas.<\/p>\n\n\n\n<p class=\"has-text-align-center has-large-font-size\">~<\/p>\n\n\n\n<p>Te puede interesar: <a href=\"https:\/\/revistaenraizada.com\/index.php\/2020\/09\/15\/tahuantinsuyu-los-andes-durante-el-dominio-de-los-incas\/\">Tahuantinsuyu: Los andes bajo el dominio Inca<\/a><\/p>\n\n\n\n<p><\/p>\n\n\n\n<h2>Bibliograf\u00eda<\/h2>\n\n\n\n<ul><li>Morelli, F. (2014). <em>La crisis del Antiguo R\u00e9gimen colonial. Las revueltas en la Am\u00e9rica espa\u00f1ola en la segunda mitad del siglo XVIII<\/em>, Antonino De Francesco et al. (eds.), Entre Mediterr\u00e1neo y Atl\u00e1ntico. Circulaciones, conexiones y miradas, 1756-1867, Santiago de Chile.<\/li><li>Serulnikov, S. (2010). <em>Revoluci\u00f3n En Los Andes<\/em>. 1st ed. Buenos Aires: Editorial Sudamericana.<\/li><\/ul>\n","protected":false},"excerpt":{"rendered":"<p>A lo largo del siglo XVIII, tres levantamientos indigenas hicieron temblar el sistema colonial espa\u00f1ol.<br \/>\nMientras las reformas borb\u00f3nicas alteraban la organizaci\u00f3n en el Per\u00fa, la rebeli\u00f3n en los andes hab\u00eda comenzado. <\/p>\n","protected":false},"author":1,"featured_media":473,"comment_status":"open","ping_status":"open","sticky":false,"template":"","format":"standard","meta":[],"categories":[1],"tags":[59,26,84,77],"yoast_head":"<!-- This site is optimized with the Yoast SEO plugin v19.4 - https:\/\/yoast.com\/wordpress\/plugins\/seo\/ -->\n<title>La era de Tupac Amaru: Los andes se rebelan - Revista Enraizada<\/title>\n<meta name=\"description\" content=\"\u00bfSab\u00e9s qui\u00e9n fue Tupac Amaru? Su levantamiento hizo temblar al sistema colonial del siglo XVIII. La rebeli\u00f3n en los andes hab\u00eda comenzado.\" \/>\n<meta name=\"robots\" content=\"index, follow, max-snippet:-1, max-image-preview:large, max-video-preview:-1\" \/>\n<link rel=\"canonical\" href=\"https:\/\/revistaenraizada.com\/index.php\/2020\/11\/03\/tupac-amaru-los-andes-se-rebelan\/\" \/>\n<meta property=\"og:locale\" content=\"es_ES\" \/>\n<meta property=\"og:type\" content=\"article\" \/>\n<meta property=\"og:title\" content=\"La era de Tupac Amaru: Los andes se rebelan - Revista Enraizada\" \/>\n<meta property=\"og:description\" content=\"\u00bfSab\u00e9s qui\u00e9n fue Tupac Amaru? Su levantamiento hizo temblar al sistema colonial del siglo XVIII. La rebeli\u00f3n en los andes hab\u00eda comenzado.\" \/>\n<meta property=\"og:url\" content=\"https:\/\/revistaenraizada.com\/index.php\/2020\/11\/03\/tupac-amaru-los-andes-se-rebelan\/\" \/>\n<meta property=\"og:site_name\" content=\"Revista Enraizada\" \/>\n<meta property=\"article:publisher\" content=\"https:\/\/www.facebook.com\/enraizada.historia\" \/>\n<meta property=\"article:published_time\" content=\"2020-11-03T20:42:21+00:00\" \/>\n<meta property=\"article:modified_time\" content=\"2024-07-18T19:33:05+00:00\" \/>\n<meta property=\"og:image\" content=\"https:\/\/revistaenraizada.com\/wp-content\/uploads\/2020\/11\/Falta-muy-poco-1.jpg\" \/>\n\t<meta property=\"og:image:width\" content=\"800\" \/>\n\t<meta property=\"og:image:height\" content=\"600\" \/>\n\t<meta property=\"og:image:type\" content=\"image\/jpeg\" \/>\n<meta name=\"author\" content=\"Enraizada\" \/>\n<meta name=\"twitter:card\" content=\"summary_large_image\" \/>\n<meta name=\"twitter:label1\" content=\"Escrito por\" \/>\n\t<meta name=\"twitter:data1\" content=\"Enraizada\" \/>\n\t<meta name=\"twitter:label2\" content=\"Tiempo de lectura\" \/>\n\t<meta name=\"twitter:data2\" content=\"14 minutos\" \/>\n<script type=\"application\/ld+json\" class=\"yoast-schema-graph\">{\"@context\":\"https:\/\/schema.org\",\"@graph\":[{\"@type\":\"Organization\",\"@id\":\"https:\/\/revistaenraizada.com\/#organization\",\"name\":\"Revista Enraizada\",\"url\":\"https:\/\/revistaenraizada.com\/\",\"sameAs\":[\"https:\/\/www.instagram.com\/revista.enraizada\/\",\"https:\/\/www.facebook.com\/enraizada.historia\"],\"logo\":{\"@type\":\"ImageObject\",\"inLanguage\":\"es-AR\",\"@id\":\"https:\/\/revistaenraizada.com\/#\/schema\/logo\/image\/\",\"url\":\"https:\/\/revistaenraizada.com\/wp-content\/uploads\/2020\/09\/Logo-oficial.jpg\",\"contentUrl\":\"https:\/\/revistaenraizada.com\/wp-content\/uploads\/2020\/09\/Logo-oficial.jpg\",\"width\":1043,\"height\":896,\"caption\":\"Revista Enraizada\"},\"image\":{\"@id\":\"https:\/\/revistaenraizada.com\/#\/schema\/logo\/image\/\"}},{\"@type\":\"WebSite\",\"@id\":\"https:\/\/revistaenraizada.com\/#website\",\"url\":\"https:\/\/revistaenraizada.com\/\",\"name\":\"Revista Enraizada\",\"description\":\"Historia y cosas.\",\"publisher\":{\"@id\":\"https:\/\/revistaenraizada.com\/#organization\"},\"potentialAction\":[{\"@type\":\"SearchAction\",\"target\":{\"@type\":\"EntryPoint\",\"urlTemplate\":\"https:\/\/revistaenraizada.com\/?s={search_term_string}\"},\"query-input\":\"required name=search_term_string\"}],\"inLanguage\":\"es-AR\"},{\"@type\":\"WebPage\",\"@id\":\"https:\/\/revistaenraizada.com\/index.php\/2020\/11\/03\/tupac-amaru-los-andes-se-rebelan\/\",\"url\":\"https:\/\/revistaenraizada.com\/index.php\/2020\/11\/03\/tupac-amaru-los-andes-se-rebelan\/\",\"name\":\"La era de Tupac Amaru: Los andes se rebelan - Revista Enraizada\",\"isPartOf\":{\"@id\":\"https:\/\/revistaenraizada.com\/#website\"},\"datePublished\":\"2020-11-03T20:42:21+00:00\",\"dateModified\":\"2024-07-18T19:33:05+00:00\",\"description\":\"\u00bfSab\u00e9s qui\u00e9n fue Tupac Amaru? Su levantamiento hizo temblar al sistema colonial del siglo XVIII. La rebeli\u00f3n en los andes hab\u00eda comenzado.\",\"breadcrumb\":{\"@id\":\"https:\/\/revistaenraizada.com\/index.php\/2020\/11\/03\/tupac-amaru-los-andes-se-rebelan\/#breadcrumb\"},\"inLanguage\":\"es-AR\",\"potentialAction\":[{\"@type\":\"ReadAction\",\"target\":[\"https:\/\/revistaenraizada.com\/index.php\/2020\/11\/03\/tupac-amaru-los-andes-se-rebelan\/\"]}]},{\"@type\":\"BreadcrumbList\",\"@id\":\"https:\/\/revistaenraizada.com\/index.php\/2020\/11\/03\/tupac-amaru-los-andes-se-rebelan\/#breadcrumb\",\"itemListElement\":[{\"@type\":\"ListItem\",\"position\":1,\"name\":\"Inicio\",\"item\":\"https:\/\/revistaenraizada.com\/\"},{\"@type\":\"ListItem\",\"position\":2,\"name\":\"La era de Tupac Amaru: Los andes se rebelan\"}]},{\"@type\":\"Article\",\"@id\":\"https:\/\/revistaenraizada.com\/index.php\/2020\/11\/03\/tupac-amaru-los-andes-se-rebelan\/#article\",\"isPartOf\":{\"@id\":\"https:\/\/revistaenraizada.com\/index.php\/2020\/11\/03\/tupac-amaru-los-andes-se-rebelan\/\"},\"author\":{\"name\":\"Enraizada\",\"@id\":\"https:\/\/revistaenraizada.com\/#\/schema\/person\/958fbbce23c17ef55c6f7489ba3bbd18\"},\"headline\":\"La era de Tupac Amaru: Los andes se rebelan\",\"datePublished\":\"2020-11-03T20:42:21+00:00\",\"dateModified\":\"2024-07-18T19:33:05+00:00\",\"mainEntityOfPage\":{\"@id\":\"https:\/\/revistaenraizada.com\/index.php\/2020\/11\/03\/tupac-amaru-los-andes-se-rebelan\/\"},\"wordCount\":2888,\"commentCount\":1,\"publisher\":{\"@id\":\"https:\/\/revistaenraizada.com\/#organization\"},\"keywords\":[\"Colonial\",\"Latinoamerica\",\"Rebeli\u00f3n\",\"Tahuantinsuyu\"],\"articleSection\":[\"Art\u00edculos\"],\"inLanguage\":\"es-AR\",\"potentialAction\":[{\"@type\":\"CommentAction\",\"name\":\"Comment\",\"target\":[\"https:\/\/revistaenraizada.com\/index.php\/2020\/11\/03\/tupac-amaru-los-andes-se-rebelan\/#respond\"]}]},{\"@type\":\"Person\",\"@id\":\"https:\/\/revistaenraizada.com\/#\/schema\/person\/958fbbce23c17ef55c6f7489ba3bbd18\",\"name\":\"Enraizada\",\"image\":{\"@type\":\"ImageObject\",\"inLanguage\":\"es-AR\",\"@id\":\"https:\/\/revistaenraizada.com\/#\/schema\/person\/image\/\",\"url\":\"https:\/\/secure.gravatar.com\/avatar\/c11081acb1227905549742c15d64e537?s=96&d=mm&r=g\",\"contentUrl\":\"https:\/\/secure.gravatar.com\/avatar\/c11081acb1227905549742c15d64e537?s=96&d=mm&r=g\",\"caption\":\"Enraizada\"},\"sameAs\":[\"http:\/\/revistaenraizada.com\"],\"url\":\"https:\/\/revistaenraizada.com\/index.php\/author\/du12ecbyje\/\"}]}<\/script>\n<!-- \/ Yoast SEO plugin. -->","yoast_head_json":{"title":"La era de Tupac Amaru: Los andes se rebelan - Revista Enraizada","description":"\u00bfSab\u00e9s qui\u00e9n fue Tupac Amaru? Su levantamiento hizo temblar al sistema colonial del siglo XVIII. La rebeli\u00f3n en los andes hab\u00eda comenzado.","robots":{"index":"index","follow":"follow","max-snippet":"max-snippet:-1","max-image-preview":"max-image-preview:large","max-video-preview":"max-video-preview:-1"},"canonical":"https:\/\/revistaenraizada.com\/index.php\/2020\/11\/03\/tupac-amaru-los-andes-se-rebelan\/","og_locale":"es_ES","og_type":"article","og_title":"La era de Tupac Amaru: Los andes se rebelan - Revista Enraizada","og_description":"\u00bfSab\u00e9s qui\u00e9n fue Tupac Amaru? Su levantamiento hizo temblar al sistema colonial del siglo XVIII. La rebeli\u00f3n en los andes hab\u00eda comenzado.","og_url":"https:\/\/revistaenraizada.com\/index.php\/2020\/11\/03\/tupac-amaru-los-andes-se-rebelan\/","og_site_name":"Revista Enraizada","article_publisher":"https:\/\/www.facebook.com\/enraizada.historia","article_published_time":"2020-11-03T20:42:21+00:00","article_modified_time":"2024-07-18T19:33:05+00:00","og_image":[{"width":800,"height":600,"url":"https:\/\/revistaenraizada.com\/wp-content\/uploads\/2020\/11\/Falta-muy-poco-1.jpg","type":"image\/jpeg"}],"author":"Enraizada","twitter_card":"summary_large_image","twitter_misc":{"Escrito por":"Enraizada","Tiempo de lectura":"14 minutos"},"schema":{"@context":"https:\/\/schema.org","@graph":[{"@type":"Organization","@id":"https:\/\/revistaenraizada.com\/#organization","name":"Revista Enraizada","url":"https:\/\/revistaenraizada.com\/","sameAs":["https:\/\/www.instagram.com\/revista.enraizada\/","https:\/\/www.facebook.com\/enraizada.historia"],"logo":{"@type":"ImageObject","inLanguage":"es-AR","@id":"https:\/\/revistaenraizada.com\/#\/schema\/logo\/image\/","url":"https:\/\/revistaenraizada.com\/wp-content\/uploads\/2020\/09\/Logo-oficial.jpg","contentUrl":"https:\/\/revistaenraizada.com\/wp-content\/uploads\/2020\/09\/Logo-oficial.jpg","width":1043,"height":896,"caption":"Revista Enraizada"},"image":{"@id":"https:\/\/revistaenraizada.com\/#\/schema\/logo\/image\/"}},{"@type":"WebSite","@id":"https:\/\/revistaenraizada.com\/#website","url":"https:\/\/revistaenraizada.com\/","name":"Revista Enraizada","description":"Historia y cosas.","publisher":{"@id":"https:\/\/revistaenraizada.com\/#organization"},"potentialAction":[{"@type":"SearchAction","target":{"@type":"EntryPoint","urlTemplate":"https:\/\/revistaenraizada.com\/?s={search_term_string}"},"query-input":"required name=search_term_string"}],"inLanguage":"es-AR"},{"@type":"WebPage","@id":"https:\/\/revistaenraizada.com\/index.php\/2020\/11\/03\/tupac-amaru-los-andes-se-rebelan\/","url":"https:\/\/revistaenraizada.com\/index.php\/2020\/11\/03\/tupac-amaru-los-andes-se-rebelan\/","name":"La era de Tupac Amaru: Los andes se rebelan - Revista Enraizada","isPartOf":{"@id":"https:\/\/revistaenraizada.com\/#website"},"datePublished":"2020-11-03T20:42:21+00:00","dateModified":"2024-07-18T19:33:05+00:00","description":"\u00bfSab\u00e9s qui\u00e9n fue Tupac Amaru? Su levantamiento hizo temblar al sistema colonial del siglo XVIII. La rebeli\u00f3n en los andes hab\u00eda comenzado.","breadcrumb":{"@id":"https:\/\/revistaenraizada.com\/index.php\/2020\/11\/03\/tupac-amaru-los-andes-se-rebelan\/#breadcrumb"},"inLanguage":"es-AR","potentialAction":[{"@type":"ReadAction","target":["https:\/\/revistaenraizada.com\/index.php\/2020\/11\/03\/tupac-amaru-los-andes-se-rebelan\/"]}]},{"@type":"BreadcrumbList","@id":"https:\/\/revistaenraizada.com\/index.php\/2020\/11\/03\/tupac-amaru-los-andes-se-rebelan\/#breadcrumb","itemListElement":[{"@type":"ListItem","position":1,"name":"Inicio","item":"https:\/\/revistaenraizada.com\/"},{"@type":"ListItem","position":2,"name":"La era de Tupac Amaru: Los andes se rebelan"}]},{"@type":"Article","@id":"https:\/\/revistaenraizada.com\/index.php\/2020\/11\/03\/tupac-amaru-los-andes-se-rebelan\/#article","isPartOf":{"@id":"https:\/\/revistaenraizada.com\/index.php\/2020\/11\/03\/tupac-amaru-los-andes-se-rebelan\/"},"author":{"name":"Enraizada","@id":"https:\/\/revistaenraizada.com\/#\/schema\/person\/958fbbce23c17ef55c6f7489ba3bbd18"},"headline":"La era de Tupac Amaru: Los andes se rebelan","datePublished":"2020-11-03T20:42:21+00:00","dateModified":"2024-07-18T19:33:05+00:00","mainEntityOfPage":{"@id":"https:\/\/revistaenraizada.com\/index.php\/2020\/11\/03\/tupac-amaru-los-andes-se-rebelan\/"},"wordCount":2888,"commentCount":1,"publisher":{"@id":"https:\/\/revistaenraizada.com\/#organization"},"keywords":["Colonial","Latinoamerica","Rebeli\u00f3n","Tahuantinsuyu"],"articleSection":["Art\u00edculos"],"inLanguage":"es-AR","potentialAction":[{"@type":"CommentAction","name":"Comment","target":["https:\/\/revistaenraizada.com\/index.php\/2020\/11\/03\/tupac-amaru-los-andes-se-rebelan\/#respond"]}]},{"@type":"Person","@id":"https:\/\/revistaenraizada.com\/#\/schema\/person\/958fbbce23c17ef55c6f7489ba3bbd18","name":"Enraizada","image":{"@type":"ImageObject","inLanguage":"es-AR","@id":"https:\/\/revistaenraizada.com\/#\/schema\/person\/image\/","url":"https:\/\/secure.gravatar.com\/avatar\/c11081acb1227905549742c15d64e537?s=96&d=mm&r=g","contentUrl":"https:\/\/secure.gravatar.com\/avatar\/c11081acb1227905549742c15d64e537?s=96&d=mm&r=g","caption":"Enraizada"},"sameAs":["http:\/\/revistaenraizada.com"],"url":"https:\/\/revistaenraizada.com\/index.php\/author\/du12ecbyje\/"}]}},"_links":{"self":[{"href":"https:\/\/revistaenraizada.com\/index.php\/wp-json\/wp\/v2\/posts\/458"}],"collection":[{"href":"https:\/\/revistaenraizada.com\/index.php\/wp-json\/wp\/v2\/posts"}],"about":[{"href":"https:\/\/revistaenraizada.com\/index.php\/wp-json\/wp\/v2\/types\/post"}],"author":[{"embeddable":true,"href":"https:\/\/revistaenraizada.com\/index.php\/wp-json\/wp\/v2\/users\/1"}],"replies":[{"embeddable":true,"href":"https:\/\/revistaenraizada.com\/index.php\/wp-json\/wp\/v2\/comments?post=458"}],"version-history":[{"count":5,"href":"https:\/\/revistaenraizada.com\/index.php\/wp-json\/wp\/v2\/posts\/458\/revisions"}],"predecessor-version":[{"id":476,"href":"https:\/\/revistaenraizada.com\/index.php\/wp-json\/wp\/v2\/posts\/458\/revisions\/476"}],"wp:featuredmedia":[{"embeddable":true,"href":"https:\/\/revistaenraizada.com\/index.php\/wp-json\/wp\/v2\/media\/473"}],"wp:attachment":[{"href":"https:\/\/revistaenraizada.com\/index.php\/wp-json\/wp\/v2\/media?parent=458"}],"wp:term":[{"taxonomy":"category","embeddable":true,"href":"https:\/\/revistaenraizada.com\/index.php\/wp-json\/wp\/v2\/categories?post=458"},{"taxonomy":"post_tag","embeddable":true,"href":"https:\/\/revistaenraizada.com\/index.php\/wp-json\/wp\/v2\/tags?post=458"}],"curies":[{"name":"wp","href":"https:\/\/api.w.org\/{rel}","templated":true}]}}