{"id":477,"date":"2020-11-07T17:35:00","date_gmt":"2020-11-07T20:35:00","guid":{"rendered":"https:\/\/revistaenraizada.com\/?p=477"},"modified":"2024-04-10T14:45:42","modified_gmt":"2024-04-10T17:45:42","slug":"viajaron-los-incas-por-oceania","status":"publish","type":"post","link":"https:\/\/revistaenraizada.com\/index.php\/2020\/11\/07\/viajaron-los-incas-por-oceania\/","title":{"rendered":"\u00bfViajaron los Incas por Ocean\u00eda?"},"content":{"rendered":"\n<div class=\"wp-block-image\"><figure class=\"aligncenter size-large\"><img loading=\"lazy\" width=\"635\" height=\"313\" src=\"https:\/\/revistaenraizada.com\/wp-content\/uploads\/2020\/11\/Pakuar-Penaloza-Dibujo-sobre-el-lago-titicaca.jpg\" alt=\"\" class=\"wp-image-479\" srcset=\"https:\/\/revistaenraizada.com\/wp-content\/uploads\/2020\/11\/Pakuar-Penaloza-Dibujo-sobre-el-lago-titicaca.jpg 635w, https:\/\/revistaenraizada.com\/wp-content\/uploads\/2020\/11\/Pakuar-Penaloza-Dibujo-sobre-el-lago-titicaca-300x148.jpg 300w\" sizes=\"(max-width: 635px) 100vw, 635px\" \/><\/figure><\/div>\n\n\n\n<h4>por Martin Bericat <\/h4>\n\n\n\n<p class=\"has-medium-font-size\">Cuando los cronistas espa\u00f1oles recorrieron el territorio incaico registrando historias, una de ellas llam\u00f3 bastante su : la del Inca Tupac Yupanqui navegando hacia islas lejanas. Sorprendidos, plasmaron el relato en sus escritos.<\/p>\n\n\n\n<p><\/p>\n\n\n\n<p>Sabemos de la supuesta aventura del Inca Tupac Yupanqui (1441-1493) gracias a la tradici\u00f3n oral andina, que fue a su vez registrada por cronistas espa\u00f1oles que recorrieron el Per\u00fa. La menci\u00f3n m\u00e1s importante se la debemos a Sarmiento de Gamboa, marino y cosm\u00f3grafo portugu\u00e9s enviado a escribir una historia del recientemente derrotado <a href=\"https:\/\/revistaenraizada.com\/index.php\/2020\/09\/15\/tahuantinsuyu-los-andes-durante-el-dominio-de-los-incas\/\" target=\"_blank\" rel=\"noreferrer noopener\">Tahuantinsuyu<\/a>.<\/p>\n\n\n\n<p>En sus textos menciona que <\/p>\n\n\n\n<blockquote class=\"wp-block-quote is-style-large\"><p>\u201c<em>naveg\u00f3 Topa Inga y fue y descubri\u00f3 las islas Auachumbi y Ni\u00f1anchumbi, y volvi\u00f3 de all\u00e1, de donde trajo gente negra y mucho oro y una silla de lat\u00f3n y un pellejo y quijadas de caballo; los cuales trofeos se guardaron en la fortaleza del Cuzco hasta el tiempo de los espa\u00f1oles. (\u2026) Tard\u00f3 en este viaje Topa Inga Yupangui m\u00e1s de nueve meses \u2013otros dicen un a\u00f1o-, y, como tardaba tanto tiempo, todos lo ten\u00edan por muerto\u201d.<\/em><\/p><\/blockquote>\n\n\n\n<p>Dos preguntas: \u00bfCu\u00e1les son las Islas a las que supuestamente lleg\u00f3 el Inca? Y segundo: \u00bfC\u00f3mo es posible que trajera de regreso \u201cgente negra\u201d, \u201cmucho oro\u201d, \u201cuna silla de lat\u00f3n\u201d y \u201cquijadas de caballo\u201d? <\/p>\n\n\n\n<div class=\"wp-block-image\"><figure class=\"aligncenter size-large\"><img loading=\"lazy\" width=\"273\" height=\"300\" src=\"https:\/\/revistaenraizada.com\/wp-content\/uploads\/2020\/11\/unnamed-1-1.jpg\" alt=\"\" class=\"wp-image-494\"\/><figcaption>(Ilustraci\u00f3n de Tupac Yupanqui)<\/figcaption><\/figure><\/div>\n\n\n\n<p>Miguel Cabello Balboa, otro cronista, escribi\u00f3 por esos mismos a\u00f1os una cr\u00f3nica titulada <em>Miscel\u00e1nea Ant\u00e1rtica<\/em>, en la que asegura que el Inca se <\/p>\n\n\n\n<blockquote class=\"wp-block-quote is-style-large\"><p>\u201c<em>meti\u00f3 en el Mar y Descubri\u00f3 las \u00ednsulas llamadas Hagua Chumbi y Nina Chumbi y trujo de all\u00e1 Yndios prisioneros de color negra, y mucho oro y plata, y m\u00e1s una Silla de lat\u00f3n, y cueros de animales como Cauallos<\/em>&#8220;. <\/p><\/blockquote>\n\n\n\n<p>Cabello escribe estas l\u00edneas casi al mismo tiempo que Gamboa, pero en otro lugar del Per\u00fa y sin saber de los descubrimientos del otro.<\/p>\n\n\n\n<p>Poco despu\u00e9s, Mart\u00edn de Mur\u00faa escrib\u00eda que Tupac conquist\u00f3 dos islas y que <\/p>\n\n\n\n<blockquote class=\"wp-block-quote is-style-large\"><p>&#8220;d<em>e all\u00ed truxo, para obstentaci\u00f3n de su triumpho, vna gente como negros y grand\u00edssima cantidad de oro y una silla de lat\u00f3n. Truxo cueros de caballo y cabesas y huesos, todo para mostrallo ac\u00e1<\/em>\u201d.<\/p><\/blockquote>\n\n\n\n<p>Tres cronistas aislados dicen lo mismo en distintas palabras. Elementos para pensar que el viaje existi\u00f3.<\/p>\n\n\n\n<p>Esto mismo pens\u00f3 el historiador Jos\u00e9 Antonio del Busto al escribir un libro entero al respecto, titulado <em>Tupac Yupanqui: Descubridor de Ocean\u00eda<\/em>. Su obra es central para hablar de los viajes incas, ya que es una de las pocas personas que trabaj\u00f3 el tema en profundidad. Busto no ten\u00eda dudas de que Yupanqui hab\u00eda llegado hasta Ocean\u00eda, comandando una flota de cientos de barcos y m\u00e1s de 20.000 soldados.<\/p>\n\n\n\n<p>Gracias a los relatos de islas maravillosas, rebosantes de eventuales tesoros virgenes, Gamboa se embarc\u00f3 en 1567 dispuesto a atravesar el Pac\u00edfico, siendo el primer europeo en avistar las islas Salom\u00f3n y Vanuatu.<\/p>\n\n\n\n<div class=\"wp-block-image\"><figure class=\"aligncenter size-large\"><img loading=\"lazy\" width=\"200\" height=\"299\" src=\"https:\/\/revistaenraizada.com\/wp-content\/uploads\/2020\/11\/Inca_tupac_yupanqui.jpg\" alt=\"Inca Tupac Yupanqui\" class=\"wp-image-480\"\/><figcaption>[El d\u00e9cimo Inca, \u201cTopa Yupanqui\u201d seg\u00fan Guam\u00e1n Poma de Ayala]<\/figcaption><\/figure><\/div>\n\n\n\n<p><\/p>\n\n\n\n<h2>La traves\u00eda<\/h2>\n\n\n\n<p>Una posibilidad: que Yupanqui efectivamente zarp\u00f3 comandando una flota de balsas, pero que no habr\u00eda llegado a ninguna isla, sino realizado una curva hasta desembarcar otra vez en la costa continental, pero m\u00e1s al norte. Esta hip\u00f3tesis se puede combinar con una segunda propuesta, que estima que los incas habr\u00edan llegado a las Islas Lobos, unas peque\u00f1as formaciones rocosas a tan solo 20km de la costa peruana.<\/p>\n\n\n\n<p>Pero esto no explicara los tesoros tra\u00eddos por Tupac Yupanqui, ni tampoco la cuesti\u00f3n de los nombres: <em>Ni\u00f1anchumbi<\/em> se traduce como \u201cisla de fuego\u201d o \u201cisla con fuego\u201d. Es deducible entonces que el Inca deber\u00eda haber llegado a una isla de formaci\u00f3n volc\u00e1nica.<\/p>\n\n\n\n<p>Otra posibilidad: el inca lleg\u00f3 a las Gal\u00e1pagos, a unos 1000km de lo que hoy es la costa de Ecuador. Varios autores, de entre los que destaca Riva Ag\u00fcero, aseguran que estas islas ser\u00edan un destino m\u00e1s probable, y definitivamente m\u00e1s convincente en cuanto a los tiempos de viaje (recordemos que las cr\u00f3nicas se\u00f1alan una duraci\u00f3n de nueve meses a un a\u00f1o). Sin embargo, el problema del bot\u00edn permanece aqu\u00ed sin resolver: las Gal\u00e1pagos estaban deshabitadas: no hab\u00eda \u201chombres negros\u201d ni much\u00edsimo menos caballos.<\/p>\n\n\n\n<p>Todas las tesis americanas dejan inconclusa la cuesti\u00f3n de los tesoros. <\/p>\n\n\n\n<h2>\u00bfIncas en Ocean\u00eda?<\/h2>\n\n\n\n<p>En 1924 el ling\u00fcista Paul Rivet not\u00f3 un detalle. Durante una instancia de investigaci\u00f3n en Mangareva (una diminuta isla de la Polinesia Francesa), Rivet document\u00f3 una antigua leyenda de los pobladores nativos que hablaba de un \u201cJefe Rojo llamado Tupa\u201d que lleg\u00f3 en \u201cbalsas raras\u201d desde el Este. Al d\u00eda de hoy, el principal acceso a la isla se sigue llamando \u201cEstrecho de Tupa\u201d. Los nativos ten\u00edan incluso una danza ritual espec\u00edficamente para honrar a tal visitante.<\/p>\n\n\n\n<p>Fascinado por el descubrimiento, Rivet continu\u00f3 su b\u00fasqueda en las islas cercanas, encontr\u00e1ndose con una leyenda similar en Timoe, donde los nativos hablaban de un \u201cJefe T\u2019upa\u201d. <\/p>\n\n\n\n<p>Ninguno de los dos pueblos se hab\u00eda comunicado nunca con el otro.<\/p>\n\n\n\n<p>Las investigaciones de Rivet lo llevaron a concluir que Tupac Yupanqui deb\u00eda haber llegado por lo menos hasta tales latitudes, siendo Mangreva y Timoe las famosas Auachumbi y Ni\u00f1anchumbi. La descripci\u00f3n ling\u00fc\u00edstica coincid\u00eda: pod\u00eda ser le\u00edda como \u201cisla de fuego\u201d, los tiempos de viaje eran coherentes (un a\u00f1o ida y vuelta), y los famosos \u201chombres negros\u201d pod\u00edan ser individuos de las tribus melanesias de Ocean\u00eda. <\/p>\n\n\n\n<p>Quedar\u00eda por resolver la \u201csilla de lat\u00f3n\u201d y las \u201ccabezas de caballo\u201d. Las propuestas se dividen, aunque vale podemos deducir que es imposible que se trate de una verdadera quijada de caballo. Quiz\u00e1s de foca o leones marinos, malinterpretada por los cronistas espa\u00f1oles que desconoc\u00edan esos animales.<\/p>\n\n\n\n<p>Pero hay otra pregunta: \u00bfcon que barcos atravez\u00f3 el mundo una civilizaci\u00f3n andina?<\/p>\n\n\n\n<div class=\"wp-block-image\"><figure class=\"aligncenter size-large\"><img loading=\"lazy\" width=\"442\" height=\"382\" src=\"https:\/\/revistaenraizada.com\/wp-content\/uploads\/2020\/11\/2-2.jpg\" alt=\"balsa Inca\n\" class=\"wp-image-481\" srcset=\"https:\/\/revistaenraizada.com\/wp-content\/uploads\/2020\/11\/2-2.jpg 442w, https:\/\/revistaenraizada.com\/wp-content\/uploads\/2020\/11\/2-2-300x259.jpg 300w\" sizes=\"(max-width: 442px) 100vw, 442px\" \/><\/figure><\/div>\n\n\n\n<h2>La flota<\/h2>\n\n\n\n<p>Los pueblos costeros del Tahuantinsuyu ten\u00edan un importante manejo de la construcci\u00f3n de embarcaciones. El mismo Humboldt, cuando transit\u00f3 la zona siglos despu\u00e9s, describi\u00f3 con sorpresa el ingenio de las peque\u00f1as balsas peruanas.<\/p>\n\n\n\n<p>El dise\u00f1o de estas embarcaciones las volv\u00eda estables, al punto en el que era pr\u00e1cticamente imposible que se den vuelta. El uso de la madera de ca\u00f1a, que resist\u00eda varios meses sin absorber agua, contribuye a pensar que un viaje transpac\u00edfico ser\u00eda posible a bordo de las embarcaciones de los pueblos costeros. <\/p>\n\n\n\n<figure class=\"wp-block-image size-large\"><img loading=\"lazy\" width=\"700\" height=\"503\" src=\"https:\/\/revistaenraizada.com\/wp-content\/uploads\/2020\/11\/11.jpg\" alt=\"balsa Inca\" class=\"wp-image-482\" srcset=\"https:\/\/revistaenraizada.com\/wp-content\/uploads\/2020\/11\/11.jpg 700w, https:\/\/revistaenraizada.com\/wp-content\/uploads\/2020\/11\/11-300x216.jpg 300w\" sizes=\"(max-width: 700px) 100vw, 700px\" \/><figcaption>(uno de los posibles dise\u00f1os de las balsas)<\/figcaption><\/figure>\n\n\n\n<p>Como no tenemos registro hist\u00f3rico de la forma y tama\u00f1o de las balsas, el debate estuvo durante d\u00e9cadas centrado en cuestiones t\u00e9cnicas de la flota: \u00bfVelas cuadrangulares o triangulares? \u00bfDoce navegantes o veinte? \u00bfSoportar\u00edan las balsas de ca\u00f1a los oleajes del Pac\u00edfico? Y, sobre todo, una duda central que quedaba sin resolver\u2026 \u00bfC\u00f3mo har\u00edan para cargar suficiente agua potable en barcas tan peque\u00f1as?<\/p>\n\n\n\n<p>El explorador noruego Thor Heyerdahl se decidi\u00f3 a demostrar la factibilidad del viaje a la vieja usanza: construy\u00f3 una balsa con los materiales y t\u00e9cnicas de los pueblos andinos, y se embarc\u00f3 a atravesar el pac\u00edfico en 1947. La expedici\u00f3n se llam\u00f3 Kon-Tiki (uno de los nombres de Viracocha), y logr\u00f3 llegar desde Per\u00fa hasta la polinesia sin problemas.<\/p>\n\n\n\n<p>Pero su viaje no es prueba de que el de Yupanqui haya existido. El noruego contaba con radio, cuchillos, conocimiento de las corrientes marinas, marineros expertos y, sobre todo, sab\u00eda que hab\u00eda tierra del otro lado del mar. Lo que s\u00ed demuestra es que hubiera sido factible cargar agua potable en las balsas incas, y ese es el punto m\u00e1s importante de su viaje. Sin embargo, Heyerdahl fue criticado por adulterar pruebas hist\u00f3ricas antes (1).<\/p>\n\n\n\n<h2>La tesis Rapa Nui<\/h2>\n\n\n\n<figure class=\"wp-block-image size-large\"><img loading=\"lazy\" width=\"1024\" height=\"768\" src=\"https:\/\/revistaenraizada.com\/wp-content\/uploads\/2020\/09\/image4-1024x768.jpg\" alt=\"Ahu Mo\u00e1i\" class=\"wp-image-329\" srcset=\"https:\/\/revistaenraizada.com\/wp-content\/uploads\/2020\/09\/image4-1024x768.jpg 1024w, https:\/\/revistaenraizada.com\/wp-content\/uploads\/2020\/09\/image4-300x225.jpg 300w, https:\/\/revistaenraizada.com\/wp-content\/uploads\/2020\/09\/image4-768x576.jpg 768w, https:\/\/revistaenraizada.com\/wp-content\/uploads\/2020\/09\/image4.jpg 1280w\" sizes=\"(max-width: 1024px) 100vw, 1024px\" \/><figcaption>(Un Ahu con Mo\u00e1is)<\/figcaption><\/figure>\n\n\n\n<p>La isla de <a href=\"https:\/\/revistaenraizada.com\/index.php\/2020\/09\/26\/la-isla-de-pascua-rapa-nui\/\" target=\"_blank\" rel=\"noreferrer noopener\">Rapa Nui<\/a> est\u00e1 en el medio del Pac\u00edfico, a casi 3300km de la costa americana. A diferencia de Mangareva (que se encuentra todav\u00eda m\u00e1s lejos), sus habitantes no guardan registro ni leyenda alguna que hable de una llegada de \u201cTupa\u201d ni nada por el estilo. <\/p>\n\n\n\n<p>Sin embargo, Juan Antonio del Busto menciona que investigando para su libro encontr\u00f3 una leyenda rapanu\u00ed que habla de Mahuna-te Ra&#8217;\u00e1, traducible como &#8220;hijo del sol\u201d (2). Pero esto no es prueba de un viaje. <a href=\"https:\/\/revistaenraizada.com\/index.php\/2020\/09\/26\/la-isla-de-pascua-rapa-nui\/\" target=\"_blank\" rel=\"noreferrer noopener\">La particular Historia de Rapa Nui<\/a> nos da algunas claves para entender la important\u00edsima p\u00e9rdida de memoria y tradiciones en manos del esclavismo.<\/p>\n\n\n\n<p>El tema se pone interesante con el descubrimiento de ruinas incas en Isla de Pascua.<\/p>\n\n\n\n<figure class=\"wp-block-image size-large\"><img loading=\"lazy\" width=\"660\" height=\"440\" src=\"https:\/\/revistaenraizada.com\/wp-content\/uploads\/2020\/11\/32120410-tourist-in-front-of-ahu-vinapu-easter-island-chile-1.jpg\" alt=\"\" class=\"wp-image-485\" srcset=\"https:\/\/revistaenraizada.com\/wp-content\/uploads\/2020\/11\/32120410-tourist-in-front-of-ahu-vinapu-easter-island-chile-1.jpg 660w, https:\/\/revistaenraizada.com\/wp-content\/uploads\/2020\/11\/32120410-tourist-in-front-of-ahu-vinapu-easter-island-chile-1-300x200.jpg 300w\" sizes=\"(max-width: 660px) 100vw, 660px\" \/><figcaption>(muro de vinap\u00fa)<\/figcaption><\/figure>\n\n\n\n<p>Se trata de varios ahu (grandes plataformas de piedra donde se colocaban los mo\u00e1is) que no se parecen para nada al resto de los construidos en la isla, pero que s\u00ed guardan inmensas similitudes con el t\u00edpico modo incaico de construcci\u00f3n de muros. En este punto son cruciales las investigaciones del arque\u00f3logo franc\u00e9s Jean Herv\u00e9 Daude, qui\u00e9n en su libro <em>\u00cele de P\u00e2ques &#8211; L&#8217;empreinte des Incas<\/em> expone sus descubrimientos respecto a las similitudes entre Vinap\u00fa y distintas construcciones incaicas.<\/p>\n\n\n\n<figure class=\"wp-block-image size-large\"><img loading=\"lazy\" width=\"618\" height=\"482\" src=\"https:\/\/revistaenraizada.com\/wp-content\/uploads\/2020\/11\/comparacion-vinapu.jpg\" alt=\"\" class=\"wp-image-484\" srcset=\"https:\/\/revistaenraizada.com\/wp-content\/uploads\/2020\/11\/comparacion-vinapu.jpg 618w, https:\/\/revistaenraizada.com\/wp-content\/uploads\/2020\/11\/comparacion-vinapu-300x234.jpg 300w\" sizes=\"(max-width: 618px) 100vw, 618px\" \/><figcaption>(Imagen recuperada del libro de Jean Herv\u00e9 Daude, \u00cele de P\u00e2ques &#8211; L&#8217;empreinte des Incas. Todos los cr\u00e9ditos al autor).<\/figcaption><\/figure>\n\n\n\n<figure class=\"wp-block-image size-large\"><img loading=\"lazy\" width=\"800\" height=\"600\" src=\"https:\/\/revistaenraizada.com\/wp-content\/uploads\/2020\/11\/Ahuvinapu.jpg\" alt=\"VInap\u00fa\" class=\"wp-image-487\" srcset=\"https:\/\/revistaenraizada.com\/wp-content\/uploads\/2020\/11\/Ahuvinapu.jpg 800w, https:\/\/revistaenraizada.com\/wp-content\/uploads\/2020\/11\/Ahuvinapu-300x225.jpg 300w, https:\/\/revistaenraizada.com\/wp-content\/uploads\/2020\/11\/Ahuvinapu-768x576.jpg 768w\" sizes=\"(max-width: 800px) 100vw, 800px\" \/><\/figure>\n\n\n\n<p>Sumado a esto, Jean Herv\u00e9 Daude afirma haber encontrado un peque\u00f1o acueducto cerca de Vinap\u00fa, se\u00f1alando que es distinto a cualquier otra obra de Rapa Nui, pero que guarda inmensas similitudes con el conocid\u00edsimo manejo incaico de la arquitectura h\u00eddrica (2).<\/p>\n\n\n\n<p>Las investigaciones de Daude respecto al acueducto se publicaron en 2019, y al d\u00eda de hoy la cuesti\u00f3n sigue siendo debatida. <\/p>\n\n\n\n<figure class=\"wp-block-image size-large\"><img loading=\"lazy\" width=\"886\" height=\"630\" src=\"https:\/\/revistaenraizada.com\/wp-content\/uploads\/2020\/11\/trayectoria-aproximada.jpg\" alt=\"\" class=\"wp-image-486\" srcset=\"https:\/\/revistaenraizada.com\/wp-content\/uploads\/2020\/11\/trayectoria-aproximada.jpg 886w, https:\/\/revistaenraizada.com\/wp-content\/uploads\/2020\/11\/trayectoria-aproximada-300x213.jpg 300w, https:\/\/revistaenraizada.com\/wp-content\/uploads\/2020\/11\/trayectoria-aproximada-768x546.jpg 768w\" sizes=\"(max-width: 886px) 100vw, 886px\" \/><figcaption>(Distancia ilustrativa entre Per\u00fa, Mangareva y Rapa Nui)<\/figcaption><\/figure>\n\n\n\n<h2>Palabras finales: \u00bfHubo viaje o no hubo viaje?<\/h2>\n\n\n\n<p>Una lista de elementos a favor de la tesis de Incas en Ocean\u00eda deber\u00eda incluir lo siguiente:<\/p>\n\n\n\n<ul><li>Tres menciones distintas y aisladas de cronistas espa\u00f1oles<\/li><li>La menci\u00f3n a \u201cgente negra\u201d (presuntamente melanesios)<\/li><li>Distintas investigaciones respecto a la viabilidad de las balsas y la flota (incluyendo la delirante expedici\u00f3n de Heyerdahl)<\/li><li>Los nombres propios para las islas: Auachumbi y Ni\u00f1anchumbi<\/li><li>Varias leyendas que hablan de un \u201cjefe Topa\u201d en lugares como Mangareva y Timoe.<\/li><li>Registro de que en Rapa Nui se menciona al \u201cHijo del Sol\u201d<\/li><li>El sitio arqueol\u00f3gico Vinap\u00fa, con sus muros pr\u00e1cticamente id\u00e9nticos a la arquitectura andina<\/li><li>Los acueductos pr\u00f3ximos a dichos muros.<\/li><\/ul>\n\n\n\n<p><\/p>\n\n\n\n<p>Si son elementos suficientes para plantear el viaje como un hecho, es materia debatible. Pero no es menor romper con la idea de un pueblo inca recostado sobre los andes, sin contacto con el mar ni con otras regiones del mundo. <\/p>\n\n\n\n<p class=\"has-text-align-center has-large-font-size\">~<\/p>\n\n\n\n<p><\/p>\n\n\n\n<p><\/p>\n\n\n\n<p>Te pueden interesar:<\/p>\n\n\n\n<ul><li><a href=\"https:\/\/revistaenraizada.com\/index.php\/2020\/09\/26\/la-isla-de-pascua-rapa-nui\/\" target=\"_blank\" rel=\"noreferrer noopener\">Historia de Rapa Nui (Isla de Pascua)<\/a><\/li><li><a href=\"https:\/\/revistaenraizada.com\/index.php\/2020\/11\/03\/tupac-amaru-los-andes-se-rebelan\/\" target=\"_blank\" rel=\"noreferrer noopener\">La era de Tupac Amaru: Los andes se rebelan.<\/a><\/li><li><a href=\"https:\/\/revistaenraizada.com\/index.php\/2020\/09\/15\/tahuantinsuyu-los-andes-durante-el-dominio-de-los-incas\/\" target=\"_blank\" rel=\"noreferrer noopener\">Tahuantinsuyu<\/a><\/li><\/ul>\n\n\n\n<h2>Notas:<\/h2>\n\n\n\n<ul><li>(1): Heyerdahl fue acusado varias veces de \u201cplantar\u201d objetos falsos en sitios arqueol\u00f3gicos para probar su punto. Una de las pol\u00e9micas fue alrededor de la cuesti\u00f3n de la cer\u00e1mica Inca en Gal\u00e1pagos.<\/li><li>(2) As\u00ed lo menciona Bustos en una entrevista disponible en: <a href=\"https:\/\/youtu.be\/noFVfpuOs5g\" target=\"_blank\" rel=\"noreferrer noopener\">https:\/\/youtu.be\/noFVfpuOs5g<\/a><\/li><li>(3) Estas excavaciones son contadas con todo detalle en \u201c\u00cele de P\u00e2ques: D\u00e9couverte d\u2019une ancienne canalisation d\u2019eau douce comprenant\u201d (2019). Esta, y muchas otras investigaciones al respecto, est\u00e1n disponibles en: <a href=\"http:\/\/rapanui-research.com\/.\" target=\"_blank\" rel=\"noreferrer noopener\">http:\/\/rapanui-research.com\/.<\/a><\/li><\/ul>\n\n\n\n<h2>Bibliograf\u00eda:<\/h2>\n\n\n\n<ul><li>Buse de la Guerra. H. (1973). \u201cLa expedici\u00f3n de Tupac Inca Yupanqui\u201d, en Historia Mar\u00edtima del Per\u00fa. \u00c9poca Prehist\u00f3rica. Tomo II, Lima: Inst. de est. Hist\u00f3rico Mar\u00edtimos de Per\u00fa, pp. 859-928<\/li><li>Daude, J. H. (2016). \u00cele de P\u00e2ques \u2013 L\u2019empreinte des Incas, les monuments. Recuperado de<a href=\"http:\/\/rapanui-research.com\/.\" target=\"_blank\" rel=\"noreferrer noopener\"> http:\/\/rapanui-research.com\/.<\/a><\/li><li>Daude, J. H. (2019). \u00cele de P\u00e2quesD\u00e9couverte d\u2019une ancienne canalisation d\u2019eau douce comprenant : deuxbarrages, un canal d\u2019acheminement (\u2026). Recuperado de: <a href=\"http:\/\/rapanui-research.com\/.\" target=\"_blank\" rel=\"noreferrer noopener\">http:\/\/rapanui-research.com\/.<\/a><\/li><li>Daude, J. H. y Vanackeren, G. (2018). L&#8217;exp\u00e9dition de l&#8217;Inca Tupac Yupanqui en Oc\u00e9anie y The inca oral tradition.[Archivo de video] Recuperado de <a href=\"https:\/\/youtu.be\/qADVUIKT5bg\" target=\"_blank\" rel=\"noreferrer noopener\">https:\/\/youtu.be\/qADVUIKT5bg<\/a><\/li><li>Del Busto Duthuburu, J. A. (2006). Entrevista parte I [archivo de video]. Recuperado de<a href=\"https:\/\/youtu.be\/noFVfpuOs5g\" target=\"_blank\" rel=\"noreferrer noopener\"> https:\/\/youtu.be\/noFVfpuOs5g<\/a><\/li><li>Del Busto Duthurburu, J. A. (1996). Tupac Yupanqui: descubridor de Ocean\u00eda. Lima: Editorial Brasa, pp. 5-128.<\/li><li>Heyerdahl, T. (1950). Kon-Tiki Expedition. [Archivo de video]. Recuperado de <a href=\"https:\/\/youtu.be\/XQZzaF8aHOo\" target=\"_blank\" rel=\"noreferrer noopener\">https:\/\/youtu.be\/XQZzaF8aHOo<\/a><\/li><li>P\u00e9rez Lugones, L. (2016). \u201cLa hip\u00f3tesis transpac\u00edfica: Am\u00e9rica y Polinesia, dos espacios encontrados\u201d, en Hoces Garc\u00eda, A. y Moral Garc\u00eda, C. (coord.) El Mar: una forma de vida en Am\u00e9rica, Madrid: Historia y cultura del Mar, pp. 335-374<\/li><li>Vincent, R. L. (1998). \u201cRapa Nui Rocks: Impressions from a brief visit\u201d, en Rapa Nui Journal, vol. 12 (3), pp. 69-74<\/li><\/ul>\n","protected":false},"excerpt":{"rendered":"<p>Si, le\u00edste bien.<br \/>\nDesde hace d\u00e9cadas que diversas investigaci\u00f3nes sostienen la hip\u00f3tesis de que los Incas atravesaron el Oc\u00e9ano Pac\u00edfico.<br \/>\nLa l\u00ednea entre historia y mito se vuelve difusa, y es por eso que en este art\u00edculo proponemos repasar una a una las hip\u00f3tesis y evidencias de este viaje.<br \/>\n\u00bfViajaron o no por Ocean\u00eda?<\/p>\n","protected":false},"author":1,"featured_media":497,"comment_status":"open","ping_status":"closed","sticky":false,"template":"","format":"standard","meta":[],"categories":[1],"tags":[78,71,69,85],"yoast_head":"<!-- This site is optimized with the Yoast SEO plugin v19.4 - https:\/\/yoast.com\/wordpress\/plugins\/seo\/ -->\n<title>\u00bfViajaron los Incas por Ocean\u00eda? - Revista Enraizada<\/title>\n<meta name=\"description\" content=\"Tres cronistas espa\u00f1oles mencionan un viaje de los Incas a Ocean\u00eda. \u00bfSucedi\u00f3 o no? Analizamos las evidencias de este viaje transpac\u00edfico\" \/>\n<meta name=\"robots\" content=\"index, follow, max-snippet:-1, max-image-preview:large, max-video-preview:-1\" \/>\n<link rel=\"canonical\" href=\"https:\/\/revistaenraizada.com\/index.php\/2020\/11\/07\/viajaron-los-incas-por-oceania\/\" \/>\n<meta property=\"og:locale\" content=\"es_ES\" \/>\n<meta property=\"og:type\" content=\"article\" \/>\n<meta property=\"og:title\" content=\"\u00bfViajaron los Incas por Ocean\u00eda? - Revista Enraizada\" \/>\n<meta property=\"og:description\" content=\"Tres cronistas espa\u00f1oles mencionan un viaje de los Incas a Ocean\u00eda. \u00bfSucedi\u00f3 o no? Analizamos las evidencias de este viaje transpac\u00edfico\" \/>\n<meta property=\"og:url\" content=\"https:\/\/revistaenraizada.com\/index.php\/2020\/11\/07\/viajaron-los-incas-por-oceania\/\" \/>\n<meta property=\"og:site_name\" content=\"Revista Enraizada\" \/>\n<meta property=\"article:publisher\" content=\"https:\/\/www.facebook.com\/enraizada.historia\" \/>\n<meta property=\"article:published_time\" content=\"2020-11-07T20:35:00+00:00\" \/>\n<meta property=\"article:modified_time\" content=\"2024-04-10T17:45:42+00:00\" \/>\n<meta property=\"og:image\" content=\"https:\/\/revistaenraizada.com\/wp-content\/uploads\/2020\/11\/Falta-muy-poco-1.png\" \/>\n\t<meta property=\"og:image:width\" content=\"800\" \/>\n\t<meta property=\"og:image:height\" content=\"600\" \/>\n\t<meta property=\"og:image:type\" content=\"image\/png\" \/>\n<meta name=\"author\" content=\"Enraizada\" \/>\n<meta name=\"twitter:card\" content=\"summary_large_image\" \/>\n<meta name=\"twitter:label1\" content=\"Escrito por\" \/>\n\t<meta name=\"twitter:data1\" content=\"Enraizada\" \/>\n\t<meta name=\"twitter:label2\" content=\"Tiempo de lectura\" \/>\n\t<meta name=\"twitter:data2\" content=\"11 minutos\" \/>\n<script type=\"application\/ld+json\" class=\"yoast-schema-graph\">{\"@context\":\"https:\/\/schema.org\",\"@graph\":[{\"@type\":\"Organization\",\"@id\":\"https:\/\/revistaenraizada.com\/#organization\",\"name\":\"Revista Enraizada\",\"url\":\"https:\/\/revistaenraizada.com\/\",\"sameAs\":[\"https:\/\/www.instagram.com\/revista.enraizada\/\",\"https:\/\/www.facebook.com\/enraizada.historia\"],\"logo\":{\"@type\":\"ImageObject\",\"inLanguage\":\"es-AR\",\"@id\":\"https:\/\/revistaenraizada.com\/#\/schema\/logo\/image\/\",\"url\":\"https:\/\/revistaenraizada.com\/wp-content\/uploads\/2020\/09\/Logo-oficial.jpg\",\"contentUrl\":\"https:\/\/revistaenraizada.com\/wp-content\/uploads\/2020\/09\/Logo-oficial.jpg\",\"width\":1043,\"height\":896,\"caption\":\"Revista Enraizada\"},\"image\":{\"@id\":\"https:\/\/revistaenraizada.com\/#\/schema\/logo\/image\/\"}},{\"@type\":\"WebSite\",\"@id\":\"https:\/\/revistaenraizada.com\/#website\",\"url\":\"https:\/\/revistaenraizada.com\/\",\"name\":\"Revista Enraizada\",\"description\":\"Historia y cosas.\",\"publisher\":{\"@id\":\"https:\/\/revistaenraizada.com\/#organization\"},\"potentialAction\":[{\"@type\":\"SearchAction\",\"target\":{\"@type\":\"EntryPoint\",\"urlTemplate\":\"https:\/\/revistaenraizada.com\/?s={search_term_string}\"},\"query-input\":\"required name=search_term_string\"}],\"inLanguage\":\"es-AR\"},{\"@type\":\"WebPage\",\"@id\":\"https:\/\/revistaenraizada.com\/index.php\/2020\/11\/07\/viajaron-los-incas-por-oceania\/\",\"url\":\"https:\/\/revistaenraizada.com\/index.php\/2020\/11\/07\/viajaron-los-incas-por-oceania\/\",\"name\":\"\u00bfViajaron los Incas por Ocean\u00eda? - Revista Enraizada\",\"isPartOf\":{\"@id\":\"https:\/\/revistaenraizada.com\/#website\"},\"datePublished\":\"2020-11-07T20:35:00+00:00\",\"dateModified\":\"2024-04-10T17:45:42+00:00\",\"description\":\"Tres cronistas espa\u00f1oles mencionan un viaje de los Incas a Ocean\u00eda. \u00bfSucedi\u00f3 o no? Analizamos las evidencias de este viaje transpac\u00edfico\",\"breadcrumb\":{\"@id\":\"https:\/\/revistaenraizada.com\/index.php\/2020\/11\/07\/viajaron-los-incas-por-oceania\/#breadcrumb\"},\"inLanguage\":\"es-AR\",\"potentialAction\":[{\"@type\":\"ReadAction\",\"target\":[\"https:\/\/revistaenraizada.com\/index.php\/2020\/11\/07\/viajaron-los-incas-por-oceania\/\"]}]},{\"@type\":\"BreadcrumbList\",\"@id\":\"https:\/\/revistaenraizada.com\/index.php\/2020\/11\/07\/viajaron-los-incas-por-oceania\/#breadcrumb\",\"itemListElement\":[{\"@type\":\"ListItem\",\"position\":1,\"name\":\"Inicio\",\"item\":\"https:\/\/revistaenraizada.com\/\"},{\"@type\":\"ListItem\",\"position\":2,\"name\":\"\u00bfViajaron los Incas por Ocean\u00eda?\"}]},{\"@type\":\"Article\",\"@id\":\"https:\/\/revistaenraizada.com\/index.php\/2020\/11\/07\/viajaron-los-incas-por-oceania\/#article\",\"isPartOf\":{\"@id\":\"https:\/\/revistaenraizada.com\/index.php\/2020\/11\/07\/viajaron-los-incas-por-oceania\/\"},\"author\":{\"name\":\"Enraizada\",\"@id\":\"https:\/\/revistaenraizada.com\/#\/schema\/person\/958fbbce23c17ef55c6f7489ba3bbd18\"},\"headline\":\"\u00bfViajaron los Incas por Ocean\u00eda?\",\"datePublished\":\"2020-11-07T20:35:00+00:00\",\"dateModified\":\"2024-04-10T17:45:42+00:00\",\"mainEntityOfPage\":{\"@id\":\"https:\/\/revistaenraizada.com\/index.php\/2020\/11\/07\/viajaron-los-incas-por-oceania\/\"},\"wordCount\":2141,\"commentCount\":3,\"publisher\":{\"@id\":\"https:\/\/revistaenraizada.com\/#organization\"},\"keywords\":[\"Incas\",\"Ocean\u00eda\",\"Rapa Nui\",\"Viajes\"],\"articleSection\":[\"Art\u00edculos\"],\"inLanguage\":\"es-AR\",\"potentialAction\":[{\"@type\":\"CommentAction\",\"name\":\"Comment\",\"target\":[\"https:\/\/revistaenraizada.com\/index.php\/2020\/11\/07\/viajaron-los-incas-por-oceania\/#respond\"]}]},{\"@type\":\"Person\",\"@id\":\"https:\/\/revistaenraizada.com\/#\/schema\/person\/958fbbce23c17ef55c6f7489ba3bbd18\",\"name\":\"Enraizada\",\"image\":{\"@type\":\"ImageObject\",\"inLanguage\":\"es-AR\",\"@id\":\"https:\/\/revistaenraizada.com\/#\/schema\/person\/image\/\",\"url\":\"https:\/\/secure.gravatar.com\/avatar\/c11081acb1227905549742c15d64e537?s=96&d=mm&r=g\",\"contentUrl\":\"https:\/\/secure.gravatar.com\/avatar\/c11081acb1227905549742c15d64e537?s=96&d=mm&r=g\",\"caption\":\"Enraizada\"},\"sameAs\":[\"http:\/\/revistaenraizada.com\"],\"url\":\"https:\/\/revistaenraizada.com\/index.php\/author\/du12ecbyje\/\"}]}<\/script>\n<!-- \/ Yoast SEO plugin. -->","yoast_head_json":{"title":"\u00bfViajaron los Incas por Ocean\u00eda? - Revista Enraizada","description":"Tres cronistas espa\u00f1oles mencionan un viaje de los Incas a Ocean\u00eda. \u00bfSucedi\u00f3 o no? Analizamos las evidencias de este viaje transpac\u00edfico","robots":{"index":"index","follow":"follow","max-snippet":"max-snippet:-1","max-image-preview":"max-image-preview:large","max-video-preview":"max-video-preview:-1"},"canonical":"https:\/\/revistaenraizada.com\/index.php\/2020\/11\/07\/viajaron-los-incas-por-oceania\/","og_locale":"es_ES","og_type":"article","og_title":"\u00bfViajaron los Incas por Ocean\u00eda? - Revista Enraizada","og_description":"Tres cronistas espa\u00f1oles mencionan un viaje de los Incas a Ocean\u00eda. \u00bfSucedi\u00f3 o no? Analizamos las evidencias de este viaje transpac\u00edfico","og_url":"https:\/\/revistaenraizada.com\/index.php\/2020\/11\/07\/viajaron-los-incas-por-oceania\/","og_site_name":"Revista Enraizada","article_publisher":"https:\/\/www.facebook.com\/enraizada.historia","article_published_time":"2020-11-07T20:35:00+00:00","article_modified_time":"2024-04-10T17:45:42+00:00","og_image":[{"width":800,"height":600,"url":"https:\/\/revistaenraizada.com\/wp-content\/uploads\/2020\/11\/Falta-muy-poco-1.png","type":"image\/png"}],"author":"Enraizada","twitter_card":"summary_large_image","twitter_misc":{"Escrito por":"Enraizada","Tiempo de lectura":"11 minutos"},"schema":{"@context":"https:\/\/schema.org","@graph":[{"@type":"Organization","@id":"https:\/\/revistaenraizada.com\/#organization","name":"Revista Enraizada","url":"https:\/\/revistaenraizada.com\/","sameAs":["https:\/\/www.instagram.com\/revista.enraizada\/","https:\/\/www.facebook.com\/enraizada.historia"],"logo":{"@type":"ImageObject","inLanguage":"es-AR","@id":"https:\/\/revistaenraizada.com\/#\/schema\/logo\/image\/","url":"https:\/\/revistaenraizada.com\/wp-content\/uploads\/2020\/09\/Logo-oficial.jpg","contentUrl":"https:\/\/revistaenraizada.com\/wp-content\/uploads\/2020\/09\/Logo-oficial.jpg","width":1043,"height":896,"caption":"Revista Enraizada"},"image":{"@id":"https:\/\/revistaenraizada.com\/#\/schema\/logo\/image\/"}},{"@type":"WebSite","@id":"https:\/\/revistaenraizada.com\/#website","url":"https:\/\/revistaenraizada.com\/","name":"Revista Enraizada","description":"Historia y cosas.","publisher":{"@id":"https:\/\/revistaenraizada.com\/#organization"},"potentialAction":[{"@type":"SearchAction","target":{"@type":"EntryPoint","urlTemplate":"https:\/\/revistaenraizada.com\/?s={search_term_string}"},"query-input":"required name=search_term_string"}],"inLanguage":"es-AR"},{"@type":"WebPage","@id":"https:\/\/revistaenraizada.com\/index.php\/2020\/11\/07\/viajaron-los-incas-por-oceania\/","url":"https:\/\/revistaenraizada.com\/index.php\/2020\/11\/07\/viajaron-los-incas-por-oceania\/","name":"\u00bfViajaron los Incas por Ocean\u00eda? - Revista Enraizada","isPartOf":{"@id":"https:\/\/revistaenraizada.com\/#website"},"datePublished":"2020-11-07T20:35:00+00:00","dateModified":"2024-04-10T17:45:42+00:00","description":"Tres cronistas espa\u00f1oles mencionan un viaje de los Incas a Ocean\u00eda. \u00bfSucedi\u00f3 o no? Analizamos las evidencias de este viaje transpac\u00edfico","breadcrumb":{"@id":"https:\/\/revistaenraizada.com\/index.php\/2020\/11\/07\/viajaron-los-incas-por-oceania\/#breadcrumb"},"inLanguage":"es-AR","potentialAction":[{"@type":"ReadAction","target":["https:\/\/revistaenraizada.com\/index.php\/2020\/11\/07\/viajaron-los-incas-por-oceania\/"]}]},{"@type":"BreadcrumbList","@id":"https:\/\/revistaenraizada.com\/index.php\/2020\/11\/07\/viajaron-los-incas-por-oceania\/#breadcrumb","itemListElement":[{"@type":"ListItem","position":1,"name":"Inicio","item":"https:\/\/revistaenraizada.com\/"},{"@type":"ListItem","position":2,"name":"\u00bfViajaron los Incas por Ocean\u00eda?"}]},{"@type":"Article","@id":"https:\/\/revistaenraizada.com\/index.php\/2020\/11\/07\/viajaron-los-incas-por-oceania\/#article","isPartOf":{"@id":"https:\/\/revistaenraizada.com\/index.php\/2020\/11\/07\/viajaron-los-incas-por-oceania\/"},"author":{"name":"Enraizada","@id":"https:\/\/revistaenraizada.com\/#\/schema\/person\/958fbbce23c17ef55c6f7489ba3bbd18"},"headline":"\u00bfViajaron los Incas por Ocean\u00eda?","datePublished":"2020-11-07T20:35:00+00:00","dateModified":"2024-04-10T17:45:42+00:00","mainEntityOfPage":{"@id":"https:\/\/revistaenraizada.com\/index.php\/2020\/11\/07\/viajaron-los-incas-por-oceania\/"},"wordCount":2141,"commentCount":3,"publisher":{"@id":"https:\/\/revistaenraizada.com\/#organization"},"keywords":["Incas","Ocean\u00eda","Rapa Nui","Viajes"],"articleSection":["Art\u00edculos"],"inLanguage":"es-AR","potentialAction":[{"@type":"CommentAction","name":"Comment","target":["https:\/\/revistaenraizada.com\/index.php\/2020\/11\/07\/viajaron-los-incas-por-oceania\/#respond"]}]},{"@type":"Person","@id":"https:\/\/revistaenraizada.com\/#\/schema\/person\/958fbbce23c17ef55c6f7489ba3bbd18","name":"Enraizada","image":{"@type":"ImageObject","inLanguage":"es-AR","@id":"https:\/\/revistaenraizada.com\/#\/schema\/person\/image\/","url":"https:\/\/secure.gravatar.com\/avatar\/c11081acb1227905549742c15d64e537?s=96&d=mm&r=g","contentUrl":"https:\/\/secure.gravatar.com\/avatar\/c11081acb1227905549742c15d64e537?s=96&d=mm&r=g","caption":"Enraizada"},"sameAs":["http:\/\/revistaenraizada.com"],"url":"https:\/\/revistaenraizada.com\/index.php\/author\/du12ecbyje\/"}]}},"_links":{"self":[{"href":"https:\/\/revistaenraizada.com\/index.php\/wp-json\/wp\/v2\/posts\/477"}],"collection":[{"href":"https:\/\/revistaenraizada.com\/index.php\/wp-json\/wp\/v2\/posts"}],"about":[{"href":"https:\/\/revistaenraizada.com\/index.php\/wp-json\/wp\/v2\/types\/post"}],"author":[{"embeddable":true,"href":"https:\/\/revistaenraizada.com\/index.php\/wp-json\/wp\/v2\/users\/1"}],"replies":[{"embeddable":true,"href":"https:\/\/revistaenraizada.com\/index.php\/wp-json\/wp\/v2\/comments?post=477"}],"version-history":[{"count":7,"href":"https:\/\/revistaenraizada.com\/index.php\/wp-json\/wp\/v2\/posts\/477\/revisions"}],"predecessor-version":[{"id":997,"href":"https:\/\/revistaenraizada.com\/index.php\/wp-json\/wp\/v2\/posts\/477\/revisions\/997"}],"wp:featuredmedia":[{"embeddable":true,"href":"https:\/\/revistaenraizada.com\/index.php\/wp-json\/wp\/v2\/media\/497"}],"wp:attachment":[{"href":"https:\/\/revistaenraizada.com\/index.php\/wp-json\/wp\/v2\/media?parent=477"}],"wp:term":[{"taxonomy":"category","embeddable":true,"href":"https:\/\/revistaenraizada.com\/index.php\/wp-json\/wp\/v2\/categories?post=477"},{"taxonomy":"post_tag","embeddable":true,"href":"https:\/\/revistaenraizada.com\/index.php\/wp-json\/wp\/v2\/tags?post=477"}],"curies":[{"name":"wp","href":"https:\/\/api.w.org\/{rel}","templated":true}]}}