{"id":610,"date":"2020-01-26T18:00:00","date_gmt":"2020-01-26T21:00:00","guid":{"rendered":"https:\/\/revistaenraizada.com\/?p=610"},"modified":"2021-04-02T12:32:11","modified_gmt":"2021-04-02T15:32:11","slug":"mujeres-en-el-rio-de-la-plata","status":"publish","type":"post","link":"https:\/\/revistaenraizada.com\/index.php\/2020\/01\/26\/mujeres-en-el-rio-de-la-plata\/","title":{"rendered":"Mujeres en el R\u00edo de la Plata"},"content":{"rendered":"\n<h3 class=\"has-text-align-right\">por Juan Carlos Chetti<\/h3>\n\n\n\n<div class=\"wp-block-image\"><figure class=\"aligncenter size-large\"><img loading=\"lazy\" width=\"567\" height=\"382\" src=\"https:\/\/revistaenraizada.com\/wp-content\/uploads\/2021\/01\/image.png\" alt=\"\" class=\"wp-image-611\" srcset=\"https:\/\/revistaenraizada.com\/wp-content\/uploads\/2021\/01\/image.png 567w, https:\/\/revistaenraizada.com\/wp-content\/uploads\/2021\/01\/image-300x202.png 300w\" sizes=\"(max-width: 567px) 100vw, 567px\" \/><figcaption>(Imagen: &#8220;Damas Patricias constituidas en sociedad patri\u00f3tica en casa de Escalada, para iniciar una subscripci\u00f3n entre ellas destinada a la compra de fusiles&#8221;. \u00d3leo sobre tela. Autor: Jos\u00e9 Gerompini (MHN)<\/figcaption><\/figure><\/div>\n\n\n\n<p>Cuando o\u00edmos hablar sobre la Revoluci\u00f3n de Mayo y la guerra de independencia inmediatamente se nos viene a la mente figuras como la de San Mart\u00edn o Belgrano. Asimismo, escuchamos palabras como <em>pr\u00f3ceres<\/em>, <em>h\u00e9roes<\/em>, <em>soldados<\/em>, <em>m\u00e1rtires <\/em>etc. y diversos calificativos masculinos, pero&#8230; \u00bfQu\u00e9 ocurri\u00f3 con las mujeres? \u00bfAcaso sab\u00edan lo que estaba pasando en Buenos Aires y participaron activamente en estos procesos? De ser as\u00ed, \u00bfC\u00f3mo lo hicieron? \u00bfO tal vez ellas fueron dejadas de lado por su condici\u00f3n femenina? Adem\u00e1s, \u00bfQu\u00e9 papel desempe\u00f1aron en la revoluci\u00f3n y guerra de independencia? y \u00bfQu\u00e9 transformaciones produjo la revoluci\u00f3n y la guerra de independencia en el \u00e1mbito femenino?<\/p>\n\n\n\n<p>En este articulo trataremos de responder estos interrogantes y ampliar la mirada sobre estos sujetos hist\u00f3ricos.<\/p>\n\n\n\n<h3>La Sociedad Colonial en el Rio de la Plata<\/h3>\n\n\n\n<p>La sociedad urbana colonial era muy heterog\u00e9nea. En Am\u00e9rica esta heterogeneidad se combin\u00f3 con una divisi\u00f3n legal de las dos \u201crep\u00fablicas\u201d, es decir de las dos sociedades existentes, la de los espa\u00f1oles e indios, y con muchas diferencias basadas en el mestizaje. Se consideraba mestizo a las mezclas de espa\u00f1oles o de blancos con indios y negros. Aqu\u00ed lo que se buscaba era ordenar una sociedad en la que se iba formando una jerarqu\u00eda \u00e9tnica con una fuerte discriminaci\u00f3n de tipo econ\u00f3mica.<\/p>\n\n\n\n<div class=\"wp-block-image\"><figure class=\"aligncenter size-large\"><img loading=\"lazy\" width=\"399\" height=\"372\" src=\"https:\/\/revistaenraizada.com\/wp-content\/uploads\/2021\/01\/image-1.png\" alt=\"\" class=\"wp-image-612\" srcset=\"https:\/\/revistaenraizada.com\/wp-content\/uploads\/2021\/01\/image-1.png 399w, https:\/\/revistaenraizada.com\/wp-content\/uploads\/2021\/01\/image-1-300x280.png 300w\" sizes=\"(max-width: 399px) 100vw, 399px\" \/><figcaption>(Imagen: Pintura de Carlos Moreno (1999-2000), que ilustra la vida cotidiana de la mujer en la sociedad colonial).<\/figcaption><\/figure><\/div>\n\n\n\n<p>Por otra parte, en las ciudades se encontraba la presencia de un grupo social que controlaba el poder: la elite. La elite era el grupo de poder o grupo dominante que ten\u00eda poder sobre los ind\u00edgenas, las tierras, las producciones y generalmente se dedicaban al comercio. Finalmente, la ciudad colonial se encontraba atravesada por el campo de modo que las costumbres de todos los sectores urbanos se encontraban marcadas por ese trato con el mundo rural (animales que deambulaban por las calles, huertos, chacras, etc.) donde podemos encontrar a las familias de campesinos destinados a explotar la tierra para subsistir.<\/p>\n\n\n\n<p>En s\u00edntesis, la organizaci\u00f3n de la ciudad colonial se encontraba marcada por diferentes estratos sociales cuyo indicador de estatus era la pertenencia a grupos \u00e9tnicos. As\u00ed los peninsulares ocupaban la mayor jerarqu\u00eda social y formaban el grupo de las elites. Les siguen los\/as mestizos\/as. Luego segu\u00edan en el orden los\/as ind\u00edgenas y los (esclavos) africanos se ubicaban en el \u00faltimo eslab\u00f3n. Despu\u00e9s de lo expuesto, el interrogante inmediato que aparece es: en esta sociedad, \u00bfQu\u00e9 lugar ocupaba la mujer?<\/p>\n\n\n\n<h3>La(s) mujer(es) en la sociedad colonial rioplatense<\/h3>\n\n\n\n<p>En el mundo del siglo XIX no hab\u00eda lugar para la actuaci\u00f3n pol\u00edtica femenina. El lugar de la mujer era el mundo privado, la casa, los hijos y por el contrario el espacio de los hombres era la vida p\u00fablica, la pol\u00edtica. Esto era as\u00ed ya que las mujeres eran una pieza clave para la reproducci\u00f3n del estrato colonial superior, es decir eran utilizadas para la reproducci\u00f3n de la elite y por lo tanto estaban destinadas a la reproducci\u00f3n biol\u00f3gica y con ello a la del propio sistema de poder. Para las mujeres de la elite la maternidad era considerada como un mandato social, cultural e ideol\u00f3gico y por lo tanto una obligaci\u00f3n antes que un deseo, cuyo fin era la obediencia de estas al mandato de los hombres.<\/p>\n\n\n\n<p>La base de esa subordinaci\u00f3n era la instituci\u00f3n familiar donde su emergente era el matrimonio. En este contexto patriarcal, el matrimonio era considerado como el \u201crito de pasaje\u201d mediante el cual una mujer pasaba de la tutela de sus padres a la del marido. Por eso, los padres y\/o esposos eran quienes decid\u00edan y hablaban en nombre de su hija o esposa; en ausencia de estos el hermano era quien deb\u00eda responder. Adem\u00e1s, el matrimonio poco ten\u00eda que ver con la uni\u00f3n de dos personas que se amaban. M\u00e1s bien, los contrayentes muy poco se conoc\u00edan y por lo tanto no hab\u00eda lugar para el romance. El matrimonio era concebido como una alianza entre familias para garantizar la uni\u00f3n de fortunas y acuerdos comerciales.<\/p>\n\n\n\n<p>Finalmente, el estereotipo femenino, es decir la imagen que se ten\u00eda de la mujer, marcaba la devoci\u00f3n al hogar, funciones dom\u00e9sticas y la poca participaci\u00f3n en aspectos p\u00fablicos y pol\u00edticos. Hab\u00eda lugares donde las damas decentes (casadas) no pod\u00edan asistir, ni menos solas: los caf\u00e9s y las pulper\u00edas (bares). Las tareas que siempre estuvieron a cargo de las mujeres fueron las obstetras (parteras) o ama de leche (amamantadoras). Tambi\u00e9n, era muy com\u00fan que las mujeres mayores de edad (pobres o ricas) se dedicaran a la confecci\u00f3n y el bordado ya que todo trabajo que requiere habilidad manual eran vinculadas a las mujeres.<\/p>\n\n\n\n<h3>Mujeres revolucionarias<\/h3>\n\n\n\n<p>Cuando se hablamos de revoluci\u00f3n y\/o guerra, hacemos referencia a cambios, transformaciones, quiebres y rupturas. En Am\u00e9rica Latina, y en el Rio de la Plata, la revoluci\u00f3n y guerra de independencia produjeron cambios impresionantes ya que \u201c(\u2026) no hay sector de la vida hispanoamericana que no haya sido tocado por la revoluci\u00f3n.\u201d (1)<\/p>\n\n\n\n<p>Por otra parte, la mayor\u00eda de la literatura historiogr\u00e1fica que cuenta el desarrollo de estos procesos revolucionarios y la guerra de independencia latinoamericanas, y por ende los sucesos en el R\u00edo de la Plata, centran sus estudios en documentos que reproducen la voz masculina (\u201chombres\u201d, \u201ch\u00e9roes\u201d, \u201cgenerales\u201d \u201ccriollos\u201d, burgueses, etc.) y las voces femeninas no aparecen m\u00e1s que como eco de lo que intentan describir. Entonces podr\u00eda uno preguntarse: \u00bfD\u00f3nde estaban las mujeres?, \u00bfPudieron de alg\u00fan modo hacer o\u00edr su voz para expresar lo que la revoluci\u00f3n y la guerra significaban?<\/p>\n\n\n\n<div class=\"wp-block-image\"><figure class=\"aligncenter size-large\"><img loading=\"lazy\" width=\"584\" height=\"361\" src=\"https:\/\/revistaenraizada.com\/wp-content\/uploads\/2021\/01\/image-2.png\" alt=\"\" class=\"wp-image-613\" srcset=\"https:\/\/revistaenraizada.com\/wp-content\/uploads\/2021\/01\/image-2.png 584w, https:\/\/revistaenraizada.com\/wp-content\/uploads\/2021\/01\/image-2-300x185.png 300w\" sizes=\"(max-width: 584px) 100vw, 584px\" \/><figcaption><br>(Imagen: \u201cEl ensayo del Himno Nacional en la sala de la casa de Mar\u00eda S\u00e1nchez de Thompson.\u201d Pedro de Subercaseaux. \u00d3leo sobre tela (MHN)<\/figcaption><\/figure><\/div>\n\n\n\n<p>Con respecto a la Revoluci\u00f3n de Mayo que puso fin al r\u00e9gimen colonial en 1810, esta caus\u00f3 transformaciones que tuvieron consecuencias para lo que posteriormente ser\u00eda la Naci\u00f3n Argentina y en cuanto a las relaciones entre var\u00f3n y mujer se dieron nuevas formas de vinculaci\u00f3n. En relaci\u00f3n a la maternidad y sus obligaciones esta se hizo muy expresiva, reconocida y estricta. El estatuto de madre se elev\u00f3 a una mayor consideraci\u00f3n ya que se reforzaron las condiciones reproductoras y la condici\u00f3n femenina se reduc\u00eda a esa misi\u00f3n, la de ser madre.<\/p>\n\n\n\n<p>Por otra parte, la revoluci\u00f3n de Mayo no fue un proceso lineal y los actores pol\u00edticos que la llevaron adelante ten\u00edan ideas distintas y objetivos diferentes. En esos tiempos revolucionarios \u00bfQu\u00e9 lugar ocupaban las mujeres? La respuesta es, el mismo que ocupaban antes de la revoluci\u00f3n, es decir la casa. El hogar contin\u00fao siendo el lugar central de la mujer, sin embargo, los cambios pol\u00edticos le dieron a ese espacio un nuevo significado ya que la pol\u00edtica deb\u00eda hacerse en un lugar m\u00e1s \u00edntimo y para ello se recurri\u00f3 a los salones familiares. As\u00ed, el sal\u00f3n familiar donde antes se recib\u00eda a parientes se convirti\u00f3 en el lugar de recepci\u00f3n de los partidarios pol\u00edticos, los aliados, los futuros compa\u00f1eros de lucha.<\/p>\n\n\n\n<p>En cuanto a la guerra de independencia, se puede reconocer la participaci\u00f3n de cientos de mujeres durante los a\u00f1os de las guerras revolucionarias, las cuales actuaban a trav\u00e9s de diferentes medios en conjunto con los defensores varones de Buenos Aires. Cabe aclarar que el camino hacia la independencia estuvo plagado de conflictos internos que sacudi\u00f3 a la sociedad en su conjunto produciendo cambios que afectaron a hombres y mujeres. Con respecto a las mujeres, la guerra revolucionaria aflojo un poco los l\u00edmites marcados en cuanto a o que pod\u00edan hacer o no. Muchas de ellas tuvieron que ponerse al frente de la familia, ya no desde el lugar de esposa sino de jefa del hogar: se encargaron de los negocios, chacras, estancias, fincas y deudas acumuladas.<\/p>\n\n\n\n<p>Por \u00faltimo, cuando se recuerda la guerra por la independencia nos imaginamos campos de batalla poblados de hombres. Sin embargo, miles de mujeres asumieron diferentes roles en la gesta libertadora. Fueron esp\u00edas, enfermeras, soldados, lavanderas. Desde el barro de los combates u otros espacios hicieron propios los desaf\u00edos de su tiempo y contribuyeron de manera fundamental en la causa por la independencia. En este sentido encontramos dos claros ejemplos, el de Mar\u00eda Remedios del Valle y Juana Azurduy.<\/p>\n\n\n\n<h3>Mar\u00eda Remedios del Valle: la Madre de la Patria<\/h3>\n\n\n\n<div class=\"wp-block-image\"><figure class=\"aligncenter size-large\"><img loading=\"lazy\" width=\"162\" height=\"154\" src=\"https:\/\/revistaenraizada.com\/wp-content\/uploads\/2021\/01\/image-3.png\" alt=\"\" class=\"wp-image-614\"\/><\/figure><\/div>\n\n\n\n<p>En 1810, la primera expedici\u00f3n por la independencia parti\u00f3, desde Buenos Aires, hacia el Alto Per\u00fa, entre las filas de hombres iba una mujer liberta, afrodescendiente, que acompa\u00f1aba a su marido y a sus dos hijos. Se llamaba Mar\u00eda Remedios Del Valle. Por su inigualable contribuci\u00f3n a los ideales de libertad el general Gregorio Ar\u00e1oz de Lamadrid no dud\u00f3 en decir que esta mujer merec\u00eda ser nombrada como \u201cla Madre de La Patria\u201d. <\/p>\n\n\n\n<p>Mar\u00eda luch\u00f3 en las batallas m\u00e1s resonantes por la independencia, combati\u00f3 en Huaqui, estuvo junto a Belgrano -quien la nombr\u00f3 capitana- en los triunfos de Tucum\u00e1n y Salta y en las derrotas de Vilcapugio y Ayohuma. En los combates recibi\u00f3 seis heridas de bala. Atendi\u00f3 y aliment\u00f3 a los heridos a la vez que perdi\u00f3 en el campo de batalla a su esposo y a sus hijos. \u00bfQu\u00e9 m\u00e1s pod\u00eda entregar o qu\u00e9 m\u00e1s era posible perder? Sin embargo, en cuestiones de guerra el sufrimiento humano no tiene l\u00edmites: Mar\u00eda cay\u00f3 prisionera durante la batalla de Ayohuma, fue azotada p\u00fablicamente por nueve d\u00edas. Finalmente, logr\u00f3 escapar.<\/p>\n\n\n\n<h3>Juana Azurduy: la guerrera<\/h3>\n\n\n\n<div class=\"wp-block-image\"><figure class=\"aligncenter size-large\"><img loading=\"lazy\" width=\"167\" height=\"173\" src=\"https:\/\/revistaenraizada.com\/wp-content\/uploads\/2021\/01\/image-4.png\" alt=\"\" class=\"wp-image-615\"\/><\/figure><\/div>\n\n\n\n<p>El hogar de los Azurduy, en una hacienda cerca de Chuquisaca (hoy, Bolivia), no estaba formado por un matrimonio convencional propio de la \u00e9poca colonial. La historia de Juana demuestra el importante, y activo, rol de las mujeres en el proceso por la independencia. Continuando con sus actos heroicos, luch\u00f3 en la dura derrota de Huaqui (1811), y despu\u00e9s de este combate fue prisionera de guerra junto a sus hijos, luego rescatados por su esposo.<\/p>\n\n\n\n<p>Juana combati\u00f3 bajo las \u00f3rdenes de Belgrano y organiz\u00f3 el \u201cBatall\u00f3n de Leales\u201d con el que particip\u00f3 en la derrota de Ayohuma. Con su chaqueta roja de franjas doradas y sombrero con plumas azules y blancas, luch\u00f3 en el barro de los campos de batalla por la defensa de la patria mientras lo iba perdiendo todo; sus cuatro hijos murieron durante las crueldades de la guerra. Estaba embarazada de su quinto hijo cuando fue herida y cay\u00f3 prisionera en el combate de La Laguna. Su marido logr\u00f3 rescatarla, pero a \u00e9l le cost\u00f3 la vida.<\/p>\n\n\n\n<h3>Conclusiones<\/h3>\n\n\n\n<p>En definitiva, la revoluci\u00f3n que termino con el r\u00e9gimen colonial en 1810 y la guerra de independencia originaron profundos cambios culturales con m\u00faltiples consecuencias. En cuanto a las relaciones entre los hombres y las mujeres, se produjeron cambios, pero estos no significaron mayores derechos ni m\u00e1s libertades para las mujeres sino todo lo contrario. El mundo occidental ayudo al introducir innovaciones en cuanto a usos y costumbres gracias a la solidez de la burgues\u00eda y sus inclinaciones que significaron nuevas formas de vinculaci\u00f3n intergen\u00e9ricas.<br>Si bien la sociedad y las costumbres coloniales afirmaban que el lugar de las mujeres siempre fue el hogar y que no participaron en la pol\u00edtica, puesto que este era un espacio propiamente masculino, esto no significa que la revoluci\u00f3n, la guerra, las luchas civiles no las afectaran.<\/p>\n\n\n\n<p>El presente art\u00edculo da cuenta, m\u00ednimamente, de que ellas tambi\u00e9n, a su forma, hicieron la historia. \u00bfDe qu\u00e9 modo? Bueno, se puede decir que ellas fueron participantes reflexivas de todo lo que acontec\u00eda y esas reflexiones fueron las que ayudaron hacer la revoluci\u00f3n. Tal como afirman Margall y Manso (2018), \u201cLas mujeres estaban ah\u00ed, eran parte de lo que ocurr\u00eda (\u2026) hicieron la revoluci\u00f3n de mayo siendo participes reflexivas de lo que acontec\u00eda. (\u2026) Si la historia no contempla la participaci\u00f3n femenina en los hechos que la constituyen es porque esa historia est\u00e1 construida por la misma sociedad patriarcal que vigilaba y controlaba la identidad femenina. (\u2026) debemos entender que las mujeres fueron parte de la historia.\u201d (2)<\/p>\n\n\n\n<p>As\u00ed tambi\u00e9n, hubo mujeres que hicieron propios los desaf\u00edos de su tiempo y contribuyeron de manera fundamental en la causa por la independencia, no solamente participando en los salones familiares o frente al hogar, sino desde los campos de batalla.<\/p>\n\n\n\n<h2 class=\"has-text-align-center\">~<\/h2>\n\n\n\n<p>Te puede interesar: <\/p>\n\n\n\n<ul><li><a href=\"https:\/\/revistaenraizada.com\/index.php\/2020\/10\/24\/el-pelo-en-disputa\/\">El pelo en disputa <\/a><\/li><li><a href=\"https:\/\/revistaenraizada.com\/index.php\/2020\/11\/03\/tupac-amaru-los-andes-se-rebelan\/\" target=\"_blank\" rel=\"noreferrer noopener\">Los andes se rebelan <\/a><\/li><\/ul>\n\n\n\n<h3>Notas:<\/h3>\n\n\n\n<ul><li>[1] HALPER\u00cdN DONGHI, T. (1969) Historia contempor\u00e1nea de Am\u00e9rica Latina, Madrid, Alianza.<\/li><li>[2] Margall, G. y Manso, G. 2018. p. 232<\/li><\/ul>\n\n\n\n<h2>Bibliograf\u00eda:<\/h2>\n\n\n\n<ul><li>ARECES, Nidia. \u201cLas sociedades urbanas coloniales\u201d, en TANDETER, Enrique (Dir. Tomo), Nueva Historia Argentina, Tomo II, Buenos Aires, Sudamericana, 2000, Cap. IV<\/li><li>BARRANCO, Dora. \u201cMujeres en la sociedad argentina\u201d. Una historia de cinco siglos. 1\u00b0 edici\u00f3n 2010. Ed. Sudamericana. Buenos Aires.<\/li><li>HALPER\u00cdN DONGHI, Tulio (1969) <em>Historia contempor\u00e1nea de Am\u00e9rica Latina<\/em>, Madrid, Alianza.<\/li><li>MARGALL, Gabriela. y Manso, Gilda. \u201cLa historia Argentina Contada por Mujeres\u201d. Tomo I \u201cDe la Conquista a la Anarqu\u00eda (1536-1820).\u201d 2018. Ediciones B. Buenos Aires.<\/li><li>PRESTA, Ana Mar\u00eda. \u201cLa sociedad colonial: raza, etnicidad, clase y g\u00e9nero. S. XVI y XVII\u201d, en Tandeter Enrique (director tomo). Nueva Historia Argentina. Tomo II. Buenos Aires. Ed. Sudamericana. 2000<\/li><\/ul>\n\n\n\n<p><\/p>\n\n\n\n<p><\/p>\n","protected":false},"excerpt":{"rendered":"<p>\u00bfQue tanto sab\u00e9s sobre la participaci\u00f3n de las mujeres en la revoluci\u00f3n de Mayo? \u00bfY en las guerras de la independencia?<br \/>\nEs fundamental ensanchar nuestra base de sujetos hist\u00f3ricos, construyendo narrativas que echen luz sobre lo que por mucho tiempo fue dejado de lado. <\/p>\n","protected":false},"author":1,"featured_media":617,"comment_status":"open","ping_status":"open","sticky":false,"template":"","format":"standard","meta":[],"categories":[1],"tags":[80,53,23,100],"yoast_head":"<!-- This site is optimized with the Yoast SEO plugin v19.4 - https:\/\/yoast.com\/wordpress\/plugins\/seo\/ -->\n<title>Mujeres en el R\u00edo de la Plata - Revista Enraizada<\/title>\n<meta name=\"description\" content=\"En este art\u00edculo repasamos el rol fundamental de las mujeres en la Revoluci\u00f3n de Mayo y las guerras de la independencia.\" \/>\n<meta name=\"robots\" content=\"index, follow, max-snippet:-1, max-image-preview:large, max-video-preview:-1\" \/>\n<link rel=\"canonical\" href=\"https:\/\/revistaenraizada.com\/index.php\/2020\/01\/26\/mujeres-en-el-rio-de-la-plata\/\" \/>\n<meta property=\"og:locale\" content=\"es_ES\" \/>\n<meta property=\"og:type\" content=\"article\" \/>\n<meta property=\"og:title\" content=\"Mujeres en el R\u00edo de la Plata - Revista Enraizada\" \/>\n<meta property=\"og:description\" content=\"En este art\u00edculo repasamos el rol fundamental de las mujeres en la Revoluci\u00f3n de Mayo y las guerras de la independencia.\" \/>\n<meta property=\"og:url\" content=\"https:\/\/revistaenraizada.com\/index.php\/2020\/01\/26\/mujeres-en-el-rio-de-la-plata\/\" \/>\n<meta property=\"og:site_name\" content=\"Revista Enraizada\" \/>\n<meta property=\"article:publisher\" content=\"https:\/\/www.facebook.com\/enraizada.historia\" \/>\n<meta property=\"article:published_time\" content=\"2020-01-26T21:00:00+00:00\" \/>\n<meta property=\"article:modified_time\" content=\"2021-04-02T15:32:11+00:00\" \/>\n<meta property=\"og:image\" content=\"https:\/\/revistaenraizada.com\/wp-content\/uploads\/2021\/01\/Falta-muy-poco-7.png\" \/>\n\t<meta property=\"og:image:width\" content=\"800\" \/>\n\t<meta property=\"og:image:height\" content=\"600\" \/>\n\t<meta property=\"og:image:type\" content=\"image\/png\" \/>\n<meta name=\"author\" content=\"Enraizada\" \/>\n<meta name=\"twitter:card\" content=\"summary_large_image\" \/>\n<meta name=\"twitter:label1\" content=\"Escrito por\" \/>\n\t<meta name=\"twitter:data1\" content=\"Enraizada\" \/>\n\t<meta name=\"twitter:label2\" content=\"Tiempo de lectura\" \/>\n\t<meta name=\"twitter:data2\" content=\"11 minutos\" \/>\n<script type=\"application\/ld+json\" class=\"yoast-schema-graph\">{\"@context\":\"https:\/\/schema.org\",\"@graph\":[{\"@type\":\"Organization\",\"@id\":\"https:\/\/revistaenraizada.com\/#organization\",\"name\":\"Revista Enraizada\",\"url\":\"https:\/\/revistaenraizada.com\/\",\"sameAs\":[\"https:\/\/www.instagram.com\/revista.enraizada\/\",\"https:\/\/www.facebook.com\/enraizada.historia\"],\"logo\":{\"@type\":\"ImageObject\",\"inLanguage\":\"es-AR\",\"@id\":\"https:\/\/revistaenraizada.com\/#\/schema\/logo\/image\/\",\"url\":\"https:\/\/revistaenraizada.com\/wp-content\/uploads\/2020\/09\/Logo-oficial.jpg\",\"contentUrl\":\"https:\/\/revistaenraizada.com\/wp-content\/uploads\/2020\/09\/Logo-oficial.jpg\",\"width\":1043,\"height\":896,\"caption\":\"Revista Enraizada\"},\"image\":{\"@id\":\"https:\/\/revistaenraizada.com\/#\/schema\/logo\/image\/\"}},{\"@type\":\"WebSite\",\"@id\":\"https:\/\/revistaenraizada.com\/#website\",\"url\":\"https:\/\/revistaenraizada.com\/\",\"name\":\"Revista Enraizada\",\"description\":\"Historia y cosas.\",\"publisher\":{\"@id\":\"https:\/\/revistaenraizada.com\/#organization\"},\"potentialAction\":[{\"@type\":\"SearchAction\",\"target\":{\"@type\":\"EntryPoint\",\"urlTemplate\":\"https:\/\/revistaenraizada.com\/?s={search_term_string}\"},\"query-input\":\"required name=search_term_string\"}],\"inLanguage\":\"es-AR\"},{\"@type\":\"WebPage\",\"@id\":\"https:\/\/revistaenraizada.com\/index.php\/2020\/01\/26\/mujeres-en-el-rio-de-la-plata\/\",\"url\":\"https:\/\/revistaenraizada.com\/index.php\/2020\/01\/26\/mujeres-en-el-rio-de-la-plata\/\",\"name\":\"Mujeres en el R\u00edo de la Plata - Revista Enraizada\",\"isPartOf\":{\"@id\":\"https:\/\/revistaenraizada.com\/#website\"},\"datePublished\":\"2020-01-26T21:00:00+00:00\",\"dateModified\":\"2021-04-02T15:32:11+00:00\",\"description\":\"En este art\u00edculo repasamos el rol fundamental de las mujeres en la Revoluci\u00f3n de Mayo y las guerras de la independencia.\",\"breadcrumb\":{\"@id\":\"https:\/\/revistaenraizada.com\/index.php\/2020\/01\/26\/mujeres-en-el-rio-de-la-plata\/#breadcrumb\"},\"inLanguage\":\"es-AR\",\"potentialAction\":[{\"@type\":\"ReadAction\",\"target\":[\"https:\/\/revistaenraizada.com\/index.php\/2020\/01\/26\/mujeres-en-el-rio-de-la-plata\/\"]}]},{\"@type\":\"BreadcrumbList\",\"@id\":\"https:\/\/revistaenraizada.com\/index.php\/2020\/01\/26\/mujeres-en-el-rio-de-la-plata\/#breadcrumb\",\"itemListElement\":[{\"@type\":\"ListItem\",\"position\":1,\"name\":\"Inicio\",\"item\":\"https:\/\/revistaenraizada.com\/\"},{\"@type\":\"ListItem\",\"position\":2,\"name\":\"Mujeres en el R\u00edo de la Plata\"}]},{\"@type\":\"Article\",\"@id\":\"https:\/\/revistaenraizada.com\/index.php\/2020\/01\/26\/mujeres-en-el-rio-de-la-plata\/#article\",\"isPartOf\":{\"@id\":\"https:\/\/revistaenraizada.com\/index.php\/2020\/01\/26\/mujeres-en-el-rio-de-la-plata\/\"},\"author\":{\"name\":\"Enraizada\",\"@id\":\"https:\/\/revistaenraizada.com\/#\/schema\/person\/958fbbce23c17ef55c6f7489ba3bbd18\"},\"headline\":\"Mujeres en el R\u00edo de la Plata\",\"datePublished\":\"2020-01-26T21:00:00+00:00\",\"dateModified\":\"2021-04-02T15:32:11+00:00\",\"mainEntityOfPage\":{\"@id\":\"https:\/\/revistaenraizada.com\/index.php\/2020\/01\/26\/mujeres-en-el-rio-de-la-plata\/\"},\"wordCount\":2346,\"commentCount\":0,\"publisher\":{\"@id\":\"https:\/\/revistaenraizada.com\/#organization\"},\"keywords\":[\"g\u00e9nero\",\"Historia Argentina\",\"Revoluci\u00f3n\",\"Rio de la Plata\"],\"articleSection\":[\"Art\u00edculos\"],\"inLanguage\":\"es-AR\",\"potentialAction\":[{\"@type\":\"CommentAction\",\"name\":\"Comment\",\"target\":[\"https:\/\/revistaenraizada.com\/index.php\/2020\/01\/26\/mujeres-en-el-rio-de-la-plata\/#respond\"]}]},{\"@type\":\"Person\",\"@id\":\"https:\/\/revistaenraizada.com\/#\/schema\/person\/958fbbce23c17ef55c6f7489ba3bbd18\",\"name\":\"Enraizada\",\"image\":{\"@type\":\"ImageObject\",\"inLanguage\":\"es-AR\",\"@id\":\"https:\/\/revistaenraizada.com\/#\/schema\/person\/image\/\",\"url\":\"https:\/\/secure.gravatar.com\/avatar\/c11081acb1227905549742c15d64e537?s=96&d=mm&r=g\",\"contentUrl\":\"https:\/\/secure.gravatar.com\/avatar\/c11081acb1227905549742c15d64e537?s=96&d=mm&r=g\",\"caption\":\"Enraizada\"},\"sameAs\":[\"http:\/\/revistaenraizada.com\"],\"url\":\"https:\/\/revistaenraizada.com\/index.php\/author\/du12ecbyje\/\"}]}<\/script>\n<!-- \/ Yoast SEO plugin. -->","yoast_head_json":{"title":"Mujeres en el R\u00edo de la Plata - Revista Enraizada","description":"En este art\u00edculo repasamos el rol fundamental de las mujeres en la Revoluci\u00f3n de Mayo y las guerras de la independencia.","robots":{"index":"index","follow":"follow","max-snippet":"max-snippet:-1","max-image-preview":"max-image-preview:large","max-video-preview":"max-video-preview:-1"},"canonical":"https:\/\/revistaenraizada.com\/index.php\/2020\/01\/26\/mujeres-en-el-rio-de-la-plata\/","og_locale":"es_ES","og_type":"article","og_title":"Mujeres en el R\u00edo de la Plata - Revista Enraizada","og_description":"En este art\u00edculo repasamos el rol fundamental de las mujeres en la Revoluci\u00f3n de Mayo y las guerras de la independencia.","og_url":"https:\/\/revistaenraizada.com\/index.php\/2020\/01\/26\/mujeres-en-el-rio-de-la-plata\/","og_site_name":"Revista Enraizada","article_publisher":"https:\/\/www.facebook.com\/enraizada.historia","article_published_time":"2020-01-26T21:00:00+00:00","article_modified_time":"2021-04-02T15:32:11+00:00","og_image":[{"width":800,"height":600,"url":"https:\/\/revistaenraizada.com\/wp-content\/uploads\/2021\/01\/Falta-muy-poco-7.png","type":"image\/png"}],"author":"Enraizada","twitter_card":"summary_large_image","twitter_misc":{"Escrito por":"Enraizada","Tiempo de lectura":"11 minutos"},"schema":{"@context":"https:\/\/schema.org","@graph":[{"@type":"Organization","@id":"https:\/\/revistaenraizada.com\/#organization","name":"Revista Enraizada","url":"https:\/\/revistaenraizada.com\/","sameAs":["https:\/\/www.instagram.com\/revista.enraizada\/","https:\/\/www.facebook.com\/enraizada.historia"],"logo":{"@type":"ImageObject","inLanguage":"es-AR","@id":"https:\/\/revistaenraizada.com\/#\/schema\/logo\/image\/","url":"https:\/\/revistaenraizada.com\/wp-content\/uploads\/2020\/09\/Logo-oficial.jpg","contentUrl":"https:\/\/revistaenraizada.com\/wp-content\/uploads\/2020\/09\/Logo-oficial.jpg","width":1043,"height":896,"caption":"Revista Enraizada"},"image":{"@id":"https:\/\/revistaenraizada.com\/#\/schema\/logo\/image\/"}},{"@type":"WebSite","@id":"https:\/\/revistaenraizada.com\/#website","url":"https:\/\/revistaenraizada.com\/","name":"Revista Enraizada","description":"Historia y cosas.","publisher":{"@id":"https:\/\/revistaenraizada.com\/#organization"},"potentialAction":[{"@type":"SearchAction","target":{"@type":"EntryPoint","urlTemplate":"https:\/\/revistaenraizada.com\/?s={search_term_string}"},"query-input":"required name=search_term_string"}],"inLanguage":"es-AR"},{"@type":"WebPage","@id":"https:\/\/revistaenraizada.com\/index.php\/2020\/01\/26\/mujeres-en-el-rio-de-la-plata\/","url":"https:\/\/revistaenraizada.com\/index.php\/2020\/01\/26\/mujeres-en-el-rio-de-la-plata\/","name":"Mujeres en el R\u00edo de la Plata - Revista Enraizada","isPartOf":{"@id":"https:\/\/revistaenraizada.com\/#website"},"datePublished":"2020-01-26T21:00:00+00:00","dateModified":"2021-04-02T15:32:11+00:00","description":"En este art\u00edculo repasamos el rol fundamental de las mujeres en la Revoluci\u00f3n de Mayo y las guerras de la independencia.","breadcrumb":{"@id":"https:\/\/revistaenraizada.com\/index.php\/2020\/01\/26\/mujeres-en-el-rio-de-la-plata\/#breadcrumb"},"inLanguage":"es-AR","potentialAction":[{"@type":"ReadAction","target":["https:\/\/revistaenraizada.com\/index.php\/2020\/01\/26\/mujeres-en-el-rio-de-la-plata\/"]}]},{"@type":"BreadcrumbList","@id":"https:\/\/revistaenraizada.com\/index.php\/2020\/01\/26\/mujeres-en-el-rio-de-la-plata\/#breadcrumb","itemListElement":[{"@type":"ListItem","position":1,"name":"Inicio","item":"https:\/\/revistaenraizada.com\/"},{"@type":"ListItem","position":2,"name":"Mujeres en el R\u00edo de la Plata"}]},{"@type":"Article","@id":"https:\/\/revistaenraizada.com\/index.php\/2020\/01\/26\/mujeres-en-el-rio-de-la-plata\/#article","isPartOf":{"@id":"https:\/\/revistaenraizada.com\/index.php\/2020\/01\/26\/mujeres-en-el-rio-de-la-plata\/"},"author":{"name":"Enraizada","@id":"https:\/\/revistaenraizada.com\/#\/schema\/person\/958fbbce23c17ef55c6f7489ba3bbd18"},"headline":"Mujeres en el R\u00edo de la Plata","datePublished":"2020-01-26T21:00:00+00:00","dateModified":"2021-04-02T15:32:11+00:00","mainEntityOfPage":{"@id":"https:\/\/revistaenraizada.com\/index.php\/2020\/01\/26\/mujeres-en-el-rio-de-la-plata\/"},"wordCount":2346,"commentCount":0,"publisher":{"@id":"https:\/\/revistaenraizada.com\/#organization"},"keywords":["g\u00e9nero","Historia Argentina","Revoluci\u00f3n","Rio de la Plata"],"articleSection":["Art\u00edculos"],"inLanguage":"es-AR","potentialAction":[{"@type":"CommentAction","name":"Comment","target":["https:\/\/revistaenraizada.com\/index.php\/2020\/01\/26\/mujeres-en-el-rio-de-la-plata\/#respond"]}]},{"@type":"Person","@id":"https:\/\/revistaenraizada.com\/#\/schema\/person\/958fbbce23c17ef55c6f7489ba3bbd18","name":"Enraizada","image":{"@type":"ImageObject","inLanguage":"es-AR","@id":"https:\/\/revistaenraizada.com\/#\/schema\/person\/image\/","url":"https:\/\/secure.gravatar.com\/avatar\/c11081acb1227905549742c15d64e537?s=96&d=mm&r=g","contentUrl":"https:\/\/secure.gravatar.com\/avatar\/c11081acb1227905549742c15d64e537?s=96&d=mm&r=g","caption":"Enraizada"},"sameAs":["http:\/\/revistaenraizada.com"],"url":"https:\/\/revistaenraizada.com\/index.php\/author\/du12ecbyje\/"}]}},"_links":{"self":[{"href":"https:\/\/revistaenraizada.com\/index.php\/wp-json\/wp\/v2\/posts\/610"}],"collection":[{"href":"https:\/\/revistaenraizada.com\/index.php\/wp-json\/wp\/v2\/posts"}],"about":[{"href":"https:\/\/revistaenraizada.com\/index.php\/wp-json\/wp\/v2\/types\/post"}],"author":[{"embeddable":true,"href":"https:\/\/revistaenraizada.com\/index.php\/wp-json\/wp\/v2\/users\/1"}],"replies":[{"embeddable":true,"href":"https:\/\/revistaenraizada.com\/index.php\/wp-json\/wp\/v2\/comments?post=610"}],"version-history":[{"count":4,"href":"https:\/\/revistaenraizada.com\/index.php\/wp-json\/wp\/v2\/posts\/610\/revisions"}],"predecessor-version":[{"id":739,"href":"https:\/\/revistaenraizada.com\/index.php\/wp-json\/wp\/v2\/posts\/610\/revisions\/739"}],"wp:featuredmedia":[{"embeddable":true,"href":"https:\/\/revistaenraizada.com\/index.php\/wp-json\/wp\/v2\/media\/617"}],"wp:attachment":[{"href":"https:\/\/revistaenraizada.com\/index.php\/wp-json\/wp\/v2\/media?parent=610"}],"wp:term":[{"taxonomy":"category","embeddable":true,"href":"https:\/\/revistaenraizada.com\/index.php\/wp-json\/wp\/v2\/categories?post=610"},{"taxonomy":"post_tag","embeddable":true,"href":"https:\/\/revistaenraizada.com\/index.php\/wp-json\/wp\/v2\/tags?post=610"}],"curies":[{"name":"wp","href":"https:\/\/api.w.org\/{rel}","templated":true}]}}