{"id":685,"date":"2021-02-27T17:30:53","date_gmt":"2021-02-27T20:30:53","guid":{"rendered":"https:\/\/revistaenraizada.com\/?p=685"},"modified":"2021-09-23T18:32:10","modified_gmt":"2021-09-23T21:32:10","slug":"resena-de-nuestra-parte-de-noche","status":"publish","type":"post","link":"https:\/\/revistaenraizada.com\/index.php\/2021\/02\/27\/resena-de-nuestra-parte-de-noche\/","title":{"rendered":"Rese\u00f1a de Nuestra parte de noche"},"content":{"rendered":"\n<figure class=\"wp-block-image size-large\"><img loading=\"lazy\" width=\"1024\" height=\"1024\" src=\"https:\/\/revistaenraizada.com\/wp-content\/uploads\/2021\/03\/2021_0303_18494700-1-1024x1024.jpg\" alt=\"\" class=\"wp-image-715\" srcset=\"https:\/\/revistaenraizada.com\/wp-content\/uploads\/2021\/03\/2021_0303_18494700-1-1024x1024.jpg 1024w, https:\/\/revistaenraizada.com\/wp-content\/uploads\/2021\/03\/2021_0303_18494700-1-300x300.jpg 300w, https:\/\/revistaenraizada.com\/wp-content\/uploads\/2021\/03\/2021_0303_18494700-1-150x150.jpg 150w, https:\/\/revistaenraizada.com\/wp-content\/uploads\/2021\/03\/2021_0303_18494700-1-768x768.jpg 768w, https:\/\/revistaenraizada.com\/wp-content\/uploads\/2021\/03\/2021_0303_18494700-1-1536x1536.jpg 1536w, https:\/\/revistaenraizada.com\/wp-content\/uploads\/2021\/03\/2021_0303_18494700-1.jpg 2048w\" sizes=\"(max-width: 1024px) 100vw, 1024px\" \/><\/figure>\n\n\n\n<h3 class=\"has-text-align-right\">por Bel\u00e9n de la Paz Sobral <\/h3>\n\n\n\n<blockquote class=\"wp-block-quote has-text-align-right\"><p>&#8221; &#8211; <em>Gaspar, lo que sent\u00eds no voy a discutirlo. Pero yo no te hice da\u00f1o. Te estoy cuidando lo mejor que puedo y hasta donde s\u00e9 c\u00f3mo hacerlo.<\/em><\/p><p> &#8211; <em>\u00bfDe qu\u00e9 me est\u00e1s cuidando?<br>Gaspar sinti\u00f3 que la mano de su padre lo liberaba, se iba, aflojaba la presi\u00f3n sobre el pecho, pero no se escap\u00f3. Se sent\u00f3. Estaba llorando y reci\u00e9n se daba cuenta: las l\u00e1grimas le empapaban el cuello. Su padre parec\u00eda tranquilo y fr\u00edo, como hab\u00eda estado antes.<\/em><\/p><p> &#8211; <em>No te creo \u2013 dijo Gaspar.<br>-Est\u00e1 bien. Yo tampoco creer\u00eda en algo que no entiendo. Pero necesito que conf\u00edes en m\u00ed. \u00bfQu\u00e9 tengo que hacer para que conf\u00edes? Cuando me muera, voy a dejarte protegido. Es lo \u00faltimo que voy a hacer y s\u00e9 que voy a llegar a tiempo.<\/em><\/p><cite><strong>Enr\u00edquez, \u201cNuestra parte de noche\u201d<\/strong><em> (2019)<\/em><\/cite><\/blockquote>\n\n\n\n<p>\u00bfQuer\u00e9s saber de qu\u00e9 va la novela de la que todo el mundo viene hablando desde hace m\u00e1s de un a\u00f1o? Si todav\u00eda no te animaste a entrarle a este bodoque de casi setecientas p\u00e1ginas, te dejamos algunas l\u00edneas para terminar de convencerte.<\/p>\n\n\n\n<p>Este libro trata lisa y llanamente sobre la oscuridad: multiforme, poderosa y omnipresente. A veces viste botas militares, otras se presenta como un fantasma imp\u00fadico, pero generalmente se encuentra en el manojo de contradicciones, vulgaridades y crueldades que alberga una persona cualquiera.<\/p>\n\n\n\n<p>Atraviesa as\u00ed los hitos principales de la historia contempor\u00e1nea argentina, desde la \u00faltima dictadura militar, el posterior desbarate econ\u00f3mico del per\u00edodo alfonsinista, hasta el auge del neoliberalismo menemista de los noventa: les desaparecides, los cortes de luz, las marchas en contra de la reforma educativa de los noventa, las represiones policiales, la proliferaci\u00f3n del VIH en las juventudes diversas. Pero tambi\u00e9n otra v\u00e9rtebra de nuestra historia com\u00fan: las familias terratenientes due\u00f1as de la tierra y de todes les que la ocupan.<\/p>\n\n\n\n<p>Todo este contexto hist\u00f3rico es la radio que suena de fondo en la novela, pero que al mismo tiempo le otorga relieve, verosimilitud y potencia. La trama gira en torno a la historia de una familia acaudalada y acomodada en el poder, la cual sienta su poder\u00edo en los yerbatales que poseen en el Litoral, donde se ambienta buena parte de la novela.<\/p>\n\n\n\n<p>Descendientes de migrantes ingleses, pertenecen junto con otra familia de la misma estirpe a la cabeza de una organizaci\u00f3n llamada<em> La Orden<\/em>, que venera al Dios conocido como \u201cLa Oscuridad\u201d, al cual le deben los sacrificios y ritos sat\u00e1nicos m\u00e1s perturbadores. Los mismos tienen lugar, generalmente, en la tenebrosidad de la selva misionera, escenario tambi\u00e9n de diversos ritos y creencias populares que tambi\u00e9n figuran en la obra, como el culto a San La Muerte, entre otros.<\/p>\n\n\n\n<p>Para lograr conectarse con este Dios precisan a un m\u00e9dium que la invoque, y aqu\u00ed es donde entra uno de los protagonistas principales: Juan Peterson. Este hombre, quien desde que naci\u00f3 estar\u00e1 a punto de morirse constantemente debido a una enfermedad card\u00edaca, encarnar\u00e1 a su vez \u2013e ir\u00f3nicamente- a un ser profundamente poderoso en la Orden debido a su don. Su corporeidad es el campo de batalla de la novela: un cuerpo expropiado, usado y venerado. Un cuerpo pobre. El m\u00e9dium solo es un instrumento para la organizaci\u00f3n y \u00e9l lo supo siempre. Por eso, al darse cuenta de que la vida de su hijo, Gaspar, podr\u00eda sufrir el mismo destino, intentar\u00e1 hacer lo imposible por evitarlo. Con su esposa recientemente muerta, su salud contra las cuerdas y un hijo peque\u00f1o con extra\u00f1as revelaciones, Juan intenta encontrar un intersticio para ganarle a la Orden y cuidar a Gaspar, con quien tendr\u00e1 una relaci\u00f3n sumamente compleja, muy diferente a lo que se podr\u00edan estar imaginando al leer estas afirmaciones.<\/p>\n\n\n\n<figure class=\"wp-block-image size-large\"><img loading=\"lazy\" width=\"1024\" height=\"683\" src=\"https:\/\/revistaenraizada.com\/wp-content\/uploads\/2021\/02\/2021_0224_16522600-1024x683.jpg\" alt=\"\" class=\"wp-image-687\" srcset=\"https:\/\/revistaenraizada.com\/wp-content\/uploads\/2021\/02\/2021_0224_16522600-1024x683.jpg 1024w, https:\/\/revistaenraizada.com\/wp-content\/uploads\/2021\/02\/2021_0224_16522600-300x200.jpg 300w, https:\/\/revistaenraizada.com\/wp-content\/uploads\/2021\/02\/2021_0224_16522600-768x512.jpg 768w, https:\/\/revistaenraizada.com\/wp-content\/uploads\/2021\/02\/2021_0224_16522600-1536x1024.jpg 1536w, https:\/\/revistaenraizada.com\/wp-content\/uploads\/2021\/02\/2021_0224_16522600.jpg 2048w\" sizes=\"(max-width: 1024px) 100vw, 1024px\" \/><figcaption>(fotos por <a href=\"https:\/\/unsplash.com\/@maiaalhab\" target=\"_blank\" rel=\"noreferrer noopener\">Maia Habegger<\/a>)<\/figcaption><\/figure>\n\n\n\n<p>Esta obra adem\u00e1s recorre tem\u00e1ticas que nos obligan a cuestionarnos conceptos est\u00e1ticos entorno a los v\u00ednculos: el amor libre, la fluidez sexual, el amor de la juventud y los v\u00ednculos filiales, que lejos est\u00e1n de rememorarnos la familia Ingalls. Madres despiadadas que ponen su codicia por sobre su descendencia, padres que no saben c\u00f3mo amar a sus hijes, hermanes que comparten de m\u00e1s. El mapa vincular que relaciona a los personajes de la historia se va construyendo lentamente, en un rompecabezas magistral donde ninguna pieza termina siendo obsoleta. Cada encuentro, cada escena, terminan cobrando su relevancia en un tejido que se abre con modorra pero que se va tensando firmemente a medida que pasan las p\u00e1ginas para abandonarte a un final sin aliento. <\/p>\n\n\n\n<p>Lo atrapante de Enr\u00edquez no tiene que ver s\u00f3lo con las historias perturbadoras que nos presenta, sino con c\u00f3mo desliza lo imposible en lo m\u00e1s palpable de este mundo, su forma de mostrarnos lo siniestro agazapado debajo del adorno m\u00e1s mundano.<\/p>\n\n\n\n<p>Es interesante que un libro que combina lo mejor del fant\u00e1stico y del terror, con reminiscencias del g\u00f3tico y de lo que hoy conocemos como <em>gore<\/em>, tenga la relevancia que ocupa en la literatura contempor\u00e1nea. La autora, como directora de Letras del Fondo Nacional de las Artes, el a\u00f1o pasado estuvo a cargo de un certamen literario que gener\u00f3 pol\u00e9mica, ya que solo estaba destinado para los g\u00e9neros de terror, ciencia ficci\u00f3n y fantas\u00eda. Salieron a cuestionarla \u201cpor excluir otros g\u00e9neros\u201d, y ella respondi\u00f3: \u201cEs un concurso excepcional en un momento excepcional\u201d. Sabemos tambi\u00e9n lo que hab\u00eda detr\u00e1s de esta selecci\u00f3n: incentivar la producci\u00f3n art\u00edstica de g\u00e9neros hist\u00f3ricamente relegados a la \u201ccultura menor\u201d. Piensen en los grandes cl\u00e1sicos, en el canon de la literatura universal. A que van a encontrar poco terror o ciencia ficci\u00f3n \u00bfNo?<\/p>\n\n\n\n<p>Creemos que la autora de este libro logr\u00f3 a trav\u00e9s de una redacci\u00f3n exquisita presentarnos el terror con la seriedad que merece. No es solo una cuesti\u00f3n art\u00edstica, sino pol\u00edtica: es apelar al canon, a lo considerado \u201calta literatura\u201d, y exponer la desigualdad social que la misma deja entrever en la selecci\u00f3n de g\u00e9neros (burgueses en su cosmovisi\u00f3n) y autores (varones hetero-cis en general).<\/p>\n\n\n\n<p>Si \u00e9sta es considerada la obra maestra de Enr\u00edquez \u2013no por nada gan\u00f3 el premio Herralde de la novela 2019- es porque de alguna forma condensa todas sus inquietudes y obsesiones que le lectore puede registrar desde <em>Bajar es lo peor<\/em> (1995) en adelante: cultos misteriosos, magia negra, fantasmas, denuncias a la desigualdad social argentina, el amor rom\u00e1ntico contaminado de miserias humanas, relaciones no convencionales, la sexualidad intempestiva. Todo esto tambi\u00e9n lo podemos encontrar en su nuevo lanzamiento de 2021, donde recopila sus highlights de no ficci\u00f3n: <em>El otro lado. Fetichismos, confesiones.<\/em><\/p>\n\n\n\n<figure class=\"wp-block-image size-large\"><img loading=\"lazy\" width=\"1024\" height=\"683\" src=\"https:\/\/revistaenraizada.com\/wp-content\/uploads\/2021\/02\/2021_0224_16521600-1024x683.jpg\" alt=\"\" class=\"wp-image-688\" srcset=\"https:\/\/revistaenraizada.com\/wp-content\/uploads\/2021\/02\/2021_0224_16521600-1024x683.jpg 1024w, https:\/\/revistaenraizada.com\/wp-content\/uploads\/2021\/02\/2021_0224_16521600-300x200.jpg 300w, https:\/\/revistaenraizada.com\/wp-content\/uploads\/2021\/02\/2021_0224_16521600-768x512.jpg 768w, https:\/\/revistaenraizada.com\/wp-content\/uploads\/2021\/02\/2021_0224_16521600-1536x1025.jpg 1536w, https:\/\/revistaenraizada.com\/wp-content\/uploads\/2021\/02\/2021_0224_16521600.jpg 2048w\" sizes=\"(max-width: 1024px) 100vw, 1024px\" \/><\/figure>\n\n\n\n<h2>Un mapa de entrada a la autora<\/h2>\n\n\n\n<p>Para arrancar a leer a Enr\u00edquez, si no lo hiciste a\u00fan, te recomiendo tres recorridos, en funci\u00f3n de tus ganas y tiempo:<\/p>\n\n\n\n<ul><li><strong>1)<\/strong> Le\u00e9 su obra entera en orden cronol\u00f3gico. Ella se va perfeccionando en sus artilugios literarios, y ser\u00e1 muy interesante que puedas ir detectando personajes que resurgen de otros textos pero complejizados, o como va madurando el armado de sus rompecabezas narrativos. Empez\u00e1 por <em>Bajar es lo peor <\/em>(1995) y termin\u00e1 con <em>El otro lado. Fetichismos, confesiones<\/em> (2021).<\/li><\/ul>\n\n\n\n<ul><li><strong>2)<\/strong> Camino corto: le\u00e9 <em>Los peligros de fumar en la cama<\/em> (2009), <em>Las cosas que perdimos en el fuego<\/em> (2017) y despu\u00e9s la novela que rese\u00f1amos. Este es un recorte condensado de la \u00e9poca m\u00e1s madura y consolidada de la autora. Adem\u00e1s, plantea un crescendo en la extensi\u00f3n e intensidad. Los primeros son dos libros de cuentos, con doce cada uno. Encontrar\u00e1s grandes referencias entre las tres obras y es un recorrido que, de todas formas, tambi\u00e9n te llevar\u00e1 al punto anterior magn\u00e9ticamente.<\/li><\/ul>\n\n\n\n<ul><li><strong>3)<\/strong> Ok, empez\u00e1 por Nuestra parte de noche (2019). Pero te lo advertimos: da igual que quieras escaparte, vas a terminar yendo como m\u00ednimo al punto dos, y probablemente al punto uno. Vos no com\u00e9s a Enr\u00edquez, Enr\u00edquez te degluta a vos.<br>\u00bfUn spoiler? El cuento \u201cLa casa de Adela\u201d disponible en <em>Las cosas que perdimos en el fuego<\/em>. Te recomendamos leerlo despu\u00e9s de la novela o tenerlo en cuenta, si ya lo le\u00edste, al momento de abordarla.<\/li><\/ul>\n\n\n\n<p>Si con todo esto no te dimos ganas de adentrarte a una de las referentas indiscutidas de la literatura argentina contempor\u00e1nea \u00a1Sos un caso perdido! Pero lo dudamos. Contanos qu\u00e9 recorrido tomaste para encarar a Enr\u00edquez, si te atrap\u00f3 de entrada, si reci\u00e9n escuch\u00e1s su nombre. Yo te adelanto que de noche, en soledad y silencio, no la puedo leer. Y que cuando termino uno de sus libros paso un par de madrugadas guardando el pie bajo las s\u00e1banas, sin animarme a que asome por fuera de la cama.<\/p>\n\n\n\n<h2 class=\"has-text-align-center\">~<\/h2>\n\n\n\n<h3 class=\"has-text-align-center\">\u00a1psst! Con el c\u00f3digo &#8220;ENRAIZADA&#8221;, pod\u00e9s conseguir este libro con descuento en la <a href=\"https:\/\/www.invernaderolibros.com.ar\/narrativa\/nuestra-parte-de-noche-mariana-enriquez\" target=\"_blank\" rel=\"noreferrer noopener\">tienda online de Invernadero Libros <\/a><\/h3>\n\n\n\n<div class=\"wp-block-cover aligncenter has-background-dim\"><img loading=\"lazy\" width=\"800\" height=\"600\" class=\"wp-block-cover__image-background wp-image-630\" alt=\"\" src=\"https:\/\/revistaenraizada.com\/wp-content\/uploads\/2021\/01\/Falta-muy-poco-8.png\" data-object-fit=\"cover\" srcset=\"https:\/\/revistaenraizada.com\/wp-content\/uploads\/2021\/01\/Falta-muy-poco-8.png 800w, https:\/\/revistaenraizada.com\/wp-content\/uploads\/2021\/01\/Falta-muy-poco-8-300x225.png 300w, https:\/\/revistaenraizada.com\/wp-content\/uploads\/2021\/01\/Falta-muy-poco-8-768x576.png 768w\" sizes=\"(max-width: 800px) 100vw, 800px\" \/><div class=\"wp-block-cover__inner-container\">\n<p class=\"has-text-align-center has-white-color has-text-color has-large-font-size\"><a href=\"https:\/\/revistaenraizada.com\/index.php\/2021\/01\/23\/resena-de-las-aventuras-de-la-china-iron\/\" target=\"_blank\" rel=\"noreferrer noopener\"><em>Las aventuras de la China Iron<\/em><\/a><\/p>\n<\/div><\/div>\n\n\n\n<div class=\"wp-block-cover aligncenter has-background-dim\"><img loading=\"lazy\" width=\"800\" height=\"600\" class=\"wp-block-cover__image-background wp-image-766\" alt=\"\" src=\"https:\/\/revistaenraizada.com\/wp-content\/uploads\/2021\/04\/Falta-muy-poco-16-1.png\" data-object-fit=\"cover\" srcset=\"https:\/\/revistaenraizada.com\/wp-content\/uploads\/2021\/04\/Falta-muy-poco-16-1.png 800w, https:\/\/revistaenraizada.com\/wp-content\/uploads\/2021\/04\/Falta-muy-poco-16-1-300x225.png 300w, https:\/\/revistaenraizada.com\/wp-content\/uploads\/2021\/04\/Falta-muy-poco-16-1-768x576.png 768w\" sizes=\"(max-width: 800px) 100vw, 800px\" \/><div class=\"wp-block-cover__inner-container\">\n<p class=\"has-text-align-center has-white-color has-text-color\" style=\"font-size:50px\"><a href=\"https:\/\/revistaenraizada.com\/index.php\/2021\/04\/10\/resena-de-malparidas-natalia-bericat\/\" target=\"_blank\" rel=\"noreferrer noopener\">Rese\u00f1a de <em>Malparidas<\/em><\/a><\/p>\n<\/div><\/div>\n","protected":false},"excerpt":{"rendered":"<p>\u00bfQuer\u00e9s saber de qu\u00e9 va la novela de la que todo el mundo viene hablando desde hace m\u00e1s de un a\u00f1o?<br \/>\nEste libro trata lisa y llanamente sobre la oscuridad: multiforme, poderosa y omnipresente. A veces viste botas militares, otras se presenta como un fantasma imp\u00fadico, pero generalmente se encuentra en el manojo de contradicciones, vulgaridades y crueldades que alberga una persona cualquiera.<br \/>\nA quien se anime a entrarle a esta novela, le advertimos: Vos no com\u00e9s a Enr\u00edquez, Enr\u00edquez te degluta a vos.<br \/>\npor Bel\u00e9n de la Paz Sobral<\/p>\n","protected":false},"author":1,"featured_media":692,"comment_status":"open","ping_status":"open","sticky":false,"template":"","format":"standard","meta":[],"categories":[3],"tags":[106,53,9,105],"yoast_head":"<!-- This site is optimized with the Yoast SEO plugin v19.4 - https:\/\/yoast.com\/wordpress\/plugins\/seo\/ -->\n<title>Rese\u00f1a de Nuestra parte de noche - Revista Enraizada<\/title>\n<meta name=\"description\" content=\"Rese\u00f1a de Nuestra Parte de Noche, de Mariana Enr\u00edquez, y un mapa de entrada a la autora para que no te pierdas una obra incre\u00edble.\" \/>\n<meta name=\"robots\" content=\"index, follow, max-snippet:-1, max-image-preview:large, max-video-preview:-1\" \/>\n<link rel=\"canonical\" href=\"https:\/\/revistaenraizada.com\/index.php\/2021\/02\/27\/resena-de-nuestra-parte-de-noche\/\" \/>\n<meta property=\"og:locale\" content=\"es_ES\" \/>\n<meta property=\"og:type\" content=\"article\" \/>\n<meta property=\"og:title\" content=\"Rese\u00f1a de Nuestra parte de noche - Revista Enraizada\" \/>\n<meta property=\"og:description\" content=\"Rese\u00f1a de Nuestra Parte de Noche, de Mariana Enr\u00edquez, y un mapa de entrada a la autora para que no te pierdas una obra incre\u00edble.\" \/>\n<meta property=\"og:url\" content=\"https:\/\/revistaenraizada.com\/index.php\/2021\/02\/27\/resena-de-nuestra-parte-de-noche\/\" \/>\n<meta property=\"og:site_name\" content=\"Revista Enraizada\" \/>\n<meta property=\"article:publisher\" content=\"https:\/\/www.facebook.com\/enraizada.historia\" \/>\n<meta property=\"article:published_time\" content=\"2021-02-27T20:30:53+00:00\" \/>\n<meta property=\"article:modified_time\" content=\"2021-09-23T21:32:10+00:00\" \/>\n<meta property=\"og:image\" content=\"https:\/\/revistaenraizada.com\/wp-content\/uploads\/2021\/02\/Falta-muy-poco-12-1.png\" \/>\n\t<meta property=\"og:image:width\" content=\"800\" \/>\n\t<meta property=\"og:image:height\" content=\"600\" \/>\n\t<meta property=\"og:image:type\" content=\"image\/png\" \/>\n<meta name=\"author\" content=\"Enraizada\" \/>\n<meta name=\"twitter:card\" content=\"summary_large_image\" \/>\n<meta name=\"twitter:label1\" content=\"Escrito por\" \/>\n\t<meta name=\"twitter:data1\" content=\"Enraizada\" \/>\n\t<meta name=\"twitter:label2\" content=\"Tiempo de lectura\" \/>\n\t<meta name=\"twitter:data2\" content=\"8 minutos\" \/>\n<script type=\"application\/ld+json\" class=\"yoast-schema-graph\">{\"@context\":\"https:\/\/schema.org\",\"@graph\":[{\"@type\":\"Organization\",\"@id\":\"https:\/\/revistaenraizada.com\/#organization\",\"name\":\"Revista Enraizada\",\"url\":\"https:\/\/revistaenraizada.com\/\",\"sameAs\":[\"https:\/\/www.instagram.com\/revista.enraizada\/\",\"https:\/\/www.facebook.com\/enraizada.historia\"],\"logo\":{\"@type\":\"ImageObject\",\"inLanguage\":\"es-AR\",\"@id\":\"https:\/\/revistaenraizada.com\/#\/schema\/logo\/image\/\",\"url\":\"https:\/\/revistaenraizada.com\/wp-content\/uploads\/2020\/09\/Logo-oficial.jpg\",\"contentUrl\":\"https:\/\/revistaenraizada.com\/wp-content\/uploads\/2020\/09\/Logo-oficial.jpg\",\"width\":1043,\"height\":896,\"caption\":\"Revista Enraizada\"},\"image\":{\"@id\":\"https:\/\/revistaenraizada.com\/#\/schema\/logo\/image\/\"}},{\"@type\":\"WebSite\",\"@id\":\"https:\/\/revistaenraizada.com\/#website\",\"url\":\"https:\/\/revistaenraizada.com\/\",\"name\":\"Revista Enraizada\",\"description\":\"Historia y cosas.\",\"publisher\":{\"@id\":\"https:\/\/revistaenraizada.com\/#organization\"},\"potentialAction\":[{\"@type\":\"SearchAction\",\"target\":{\"@type\":\"EntryPoint\",\"urlTemplate\":\"https:\/\/revistaenraizada.com\/?s={search_term_string}\"},\"query-input\":\"required name=search_term_string\"}],\"inLanguage\":\"es-AR\"},{\"@type\":\"WebPage\",\"@id\":\"https:\/\/revistaenraizada.com\/index.php\/2021\/02\/27\/resena-de-nuestra-parte-de-noche\/\",\"url\":\"https:\/\/revistaenraizada.com\/index.php\/2021\/02\/27\/resena-de-nuestra-parte-de-noche\/\",\"name\":\"Rese\u00f1a de Nuestra parte de noche - Revista Enraizada\",\"isPartOf\":{\"@id\":\"https:\/\/revistaenraizada.com\/#website\"},\"datePublished\":\"2021-02-27T20:30:53+00:00\",\"dateModified\":\"2021-09-23T21:32:10+00:00\",\"description\":\"Rese\u00f1a de Nuestra Parte de Noche, de Mariana Enr\u00edquez, y un mapa de entrada a la autora para que no te pierdas una obra incre\u00edble.\",\"breadcrumb\":{\"@id\":\"https:\/\/revistaenraizada.com\/index.php\/2021\/02\/27\/resena-de-nuestra-parte-de-noche\/#breadcrumb\"},\"inLanguage\":\"es-AR\",\"potentialAction\":[{\"@type\":\"ReadAction\",\"target\":[\"https:\/\/revistaenraizada.com\/index.php\/2021\/02\/27\/resena-de-nuestra-parte-de-noche\/\"]}]},{\"@type\":\"BreadcrumbList\",\"@id\":\"https:\/\/revistaenraizada.com\/index.php\/2021\/02\/27\/resena-de-nuestra-parte-de-noche\/#breadcrumb\",\"itemListElement\":[{\"@type\":\"ListItem\",\"position\":1,\"name\":\"Inicio\",\"item\":\"https:\/\/revistaenraizada.com\/\"},{\"@type\":\"ListItem\",\"position\":2,\"name\":\"Rese\u00f1a de Nuestra parte de noche\"}]},{\"@type\":\"Article\",\"@id\":\"https:\/\/revistaenraizada.com\/index.php\/2021\/02\/27\/resena-de-nuestra-parte-de-noche\/#article\",\"isPartOf\":{\"@id\":\"https:\/\/revistaenraizada.com\/index.php\/2021\/02\/27\/resena-de-nuestra-parte-de-noche\/\"},\"author\":{\"name\":\"Enraizada\",\"@id\":\"https:\/\/revistaenraizada.com\/#\/schema\/person\/958fbbce23c17ef55c6f7489ba3bbd18\"},\"headline\":\"Rese\u00f1a de Nuestra parte de noche\",\"datePublished\":\"2021-02-27T20:30:53+00:00\",\"dateModified\":\"2021-09-23T21:32:10+00:00\",\"mainEntityOfPage\":{\"@id\":\"https:\/\/revistaenraizada.com\/index.php\/2021\/02\/27\/resena-de-nuestra-parte-de-noche\/\"},\"wordCount\":1555,\"commentCount\":0,\"publisher\":{\"@id\":\"https:\/\/revistaenraizada.com\/#organization\"},\"keywords\":[\"Autoras Argentinas\",\"Historia Argentina\",\"rese\u00f1as\",\"Terror\"],\"articleSection\":[\"Rese\u00f1as\"],\"inLanguage\":\"es-AR\",\"potentialAction\":[{\"@type\":\"CommentAction\",\"name\":\"Comment\",\"target\":[\"https:\/\/revistaenraizada.com\/index.php\/2021\/02\/27\/resena-de-nuestra-parte-de-noche\/#respond\"]}]},{\"@type\":\"Person\",\"@id\":\"https:\/\/revistaenraizada.com\/#\/schema\/person\/958fbbce23c17ef55c6f7489ba3bbd18\",\"name\":\"Enraizada\",\"image\":{\"@type\":\"ImageObject\",\"inLanguage\":\"es-AR\",\"@id\":\"https:\/\/revistaenraizada.com\/#\/schema\/person\/image\/\",\"url\":\"https:\/\/secure.gravatar.com\/avatar\/c11081acb1227905549742c15d64e537?s=96&d=mm&r=g\",\"contentUrl\":\"https:\/\/secure.gravatar.com\/avatar\/c11081acb1227905549742c15d64e537?s=96&d=mm&r=g\",\"caption\":\"Enraizada\"},\"sameAs\":[\"http:\/\/revistaenraizada.com\"],\"url\":\"https:\/\/revistaenraizada.com\/index.php\/author\/du12ecbyje\/\"}]}<\/script>\n<!-- \/ Yoast SEO plugin. -->","yoast_head_json":{"title":"Rese\u00f1a de Nuestra parte de noche - Revista Enraizada","description":"Rese\u00f1a de Nuestra Parte de Noche, de Mariana Enr\u00edquez, y un mapa de entrada a la autora para que no te pierdas una obra incre\u00edble.","robots":{"index":"index","follow":"follow","max-snippet":"max-snippet:-1","max-image-preview":"max-image-preview:large","max-video-preview":"max-video-preview:-1"},"canonical":"https:\/\/revistaenraizada.com\/index.php\/2021\/02\/27\/resena-de-nuestra-parte-de-noche\/","og_locale":"es_ES","og_type":"article","og_title":"Rese\u00f1a de Nuestra parte de noche - Revista Enraizada","og_description":"Rese\u00f1a de Nuestra Parte de Noche, de Mariana Enr\u00edquez, y un mapa de entrada a la autora para que no te pierdas una obra incre\u00edble.","og_url":"https:\/\/revistaenraizada.com\/index.php\/2021\/02\/27\/resena-de-nuestra-parte-de-noche\/","og_site_name":"Revista Enraizada","article_publisher":"https:\/\/www.facebook.com\/enraizada.historia","article_published_time":"2021-02-27T20:30:53+00:00","article_modified_time":"2021-09-23T21:32:10+00:00","og_image":[{"width":800,"height":600,"url":"https:\/\/revistaenraizada.com\/wp-content\/uploads\/2021\/02\/Falta-muy-poco-12-1.png","type":"image\/png"}],"author":"Enraizada","twitter_card":"summary_large_image","twitter_misc":{"Escrito por":"Enraizada","Tiempo de lectura":"8 minutos"},"schema":{"@context":"https:\/\/schema.org","@graph":[{"@type":"Organization","@id":"https:\/\/revistaenraizada.com\/#organization","name":"Revista Enraizada","url":"https:\/\/revistaenraizada.com\/","sameAs":["https:\/\/www.instagram.com\/revista.enraizada\/","https:\/\/www.facebook.com\/enraizada.historia"],"logo":{"@type":"ImageObject","inLanguage":"es-AR","@id":"https:\/\/revistaenraizada.com\/#\/schema\/logo\/image\/","url":"https:\/\/revistaenraizada.com\/wp-content\/uploads\/2020\/09\/Logo-oficial.jpg","contentUrl":"https:\/\/revistaenraizada.com\/wp-content\/uploads\/2020\/09\/Logo-oficial.jpg","width":1043,"height":896,"caption":"Revista Enraizada"},"image":{"@id":"https:\/\/revistaenraizada.com\/#\/schema\/logo\/image\/"}},{"@type":"WebSite","@id":"https:\/\/revistaenraizada.com\/#website","url":"https:\/\/revistaenraizada.com\/","name":"Revista Enraizada","description":"Historia y cosas.","publisher":{"@id":"https:\/\/revistaenraizada.com\/#organization"},"potentialAction":[{"@type":"SearchAction","target":{"@type":"EntryPoint","urlTemplate":"https:\/\/revistaenraizada.com\/?s={search_term_string}"},"query-input":"required name=search_term_string"}],"inLanguage":"es-AR"},{"@type":"WebPage","@id":"https:\/\/revistaenraizada.com\/index.php\/2021\/02\/27\/resena-de-nuestra-parte-de-noche\/","url":"https:\/\/revistaenraizada.com\/index.php\/2021\/02\/27\/resena-de-nuestra-parte-de-noche\/","name":"Rese\u00f1a de Nuestra parte de noche - Revista Enraizada","isPartOf":{"@id":"https:\/\/revistaenraizada.com\/#website"},"datePublished":"2021-02-27T20:30:53+00:00","dateModified":"2021-09-23T21:32:10+00:00","description":"Rese\u00f1a de Nuestra Parte de Noche, de Mariana Enr\u00edquez, y un mapa de entrada a la autora para que no te pierdas una obra incre\u00edble.","breadcrumb":{"@id":"https:\/\/revistaenraizada.com\/index.php\/2021\/02\/27\/resena-de-nuestra-parte-de-noche\/#breadcrumb"},"inLanguage":"es-AR","potentialAction":[{"@type":"ReadAction","target":["https:\/\/revistaenraizada.com\/index.php\/2021\/02\/27\/resena-de-nuestra-parte-de-noche\/"]}]},{"@type":"BreadcrumbList","@id":"https:\/\/revistaenraizada.com\/index.php\/2021\/02\/27\/resena-de-nuestra-parte-de-noche\/#breadcrumb","itemListElement":[{"@type":"ListItem","position":1,"name":"Inicio","item":"https:\/\/revistaenraizada.com\/"},{"@type":"ListItem","position":2,"name":"Rese\u00f1a de Nuestra parte de noche"}]},{"@type":"Article","@id":"https:\/\/revistaenraizada.com\/index.php\/2021\/02\/27\/resena-de-nuestra-parte-de-noche\/#article","isPartOf":{"@id":"https:\/\/revistaenraizada.com\/index.php\/2021\/02\/27\/resena-de-nuestra-parte-de-noche\/"},"author":{"name":"Enraizada","@id":"https:\/\/revistaenraizada.com\/#\/schema\/person\/958fbbce23c17ef55c6f7489ba3bbd18"},"headline":"Rese\u00f1a de Nuestra parte de noche","datePublished":"2021-02-27T20:30:53+00:00","dateModified":"2021-09-23T21:32:10+00:00","mainEntityOfPage":{"@id":"https:\/\/revistaenraizada.com\/index.php\/2021\/02\/27\/resena-de-nuestra-parte-de-noche\/"},"wordCount":1555,"commentCount":0,"publisher":{"@id":"https:\/\/revistaenraizada.com\/#organization"},"keywords":["Autoras Argentinas","Historia Argentina","rese\u00f1as","Terror"],"articleSection":["Rese\u00f1as"],"inLanguage":"es-AR","potentialAction":[{"@type":"CommentAction","name":"Comment","target":["https:\/\/revistaenraizada.com\/index.php\/2021\/02\/27\/resena-de-nuestra-parte-de-noche\/#respond"]}]},{"@type":"Person","@id":"https:\/\/revistaenraizada.com\/#\/schema\/person\/958fbbce23c17ef55c6f7489ba3bbd18","name":"Enraizada","image":{"@type":"ImageObject","inLanguage":"es-AR","@id":"https:\/\/revistaenraizada.com\/#\/schema\/person\/image\/","url":"https:\/\/secure.gravatar.com\/avatar\/c11081acb1227905549742c15d64e537?s=96&d=mm&r=g","contentUrl":"https:\/\/secure.gravatar.com\/avatar\/c11081acb1227905549742c15d64e537?s=96&d=mm&r=g","caption":"Enraizada"},"sameAs":["http:\/\/revistaenraizada.com"],"url":"https:\/\/revistaenraizada.com\/index.php\/author\/du12ecbyje\/"}]}},"_links":{"self":[{"href":"https:\/\/revistaenraizada.com\/index.php\/wp-json\/wp\/v2\/posts\/685"}],"collection":[{"href":"https:\/\/revistaenraizada.com\/index.php\/wp-json\/wp\/v2\/posts"}],"about":[{"href":"https:\/\/revistaenraizada.com\/index.php\/wp-json\/wp\/v2\/types\/post"}],"author":[{"embeddable":true,"href":"https:\/\/revistaenraizada.com\/index.php\/wp-json\/wp\/v2\/users\/1"}],"replies":[{"embeddable":true,"href":"https:\/\/revistaenraizada.com\/index.php\/wp-json\/wp\/v2\/comments?post=685"}],"version-history":[{"count":9,"href":"https:\/\/revistaenraizada.com\/index.php\/wp-json\/wp\/v2\/posts\/685\/revisions"}],"predecessor-version":[{"id":974,"href":"https:\/\/revistaenraizada.com\/index.php\/wp-json\/wp\/v2\/posts\/685\/revisions\/974"}],"wp:featuredmedia":[{"embeddable":true,"href":"https:\/\/revistaenraizada.com\/index.php\/wp-json\/wp\/v2\/media\/692"}],"wp:attachment":[{"href":"https:\/\/revistaenraizada.com\/index.php\/wp-json\/wp\/v2\/media?parent=685"}],"wp:term":[{"taxonomy":"category","embeddable":true,"href":"https:\/\/revistaenraizada.com\/index.php\/wp-json\/wp\/v2\/categories?post=685"},{"taxonomy":"post_tag","embeddable":true,"href":"https:\/\/revistaenraizada.com\/index.php\/wp-json\/wp\/v2\/tags?post=685"}],"curies":[{"name":"wp","href":"https:\/\/api.w.org\/{rel}","templated":true}]}}