{"id":742,"date":"2021-04-04T12:06:36","date_gmt":"2021-04-04T15:06:36","guid":{"rendered":"https:\/\/revistaenraizada.com\/?p=742"},"modified":"2021-04-04T12:35:26","modified_gmt":"2021-04-04T15:35:26","slug":"carapintadas-domingo-de-insurreccion","status":"publish","type":"post","link":"https:\/\/revistaenraizada.com\/index.php\/2021\/04\/04\/carapintadas-domingo-de-insurreccion\/","title":{"rendered":"Carapintadas: domingo de Insurrecci\u00f3n"},"content":{"rendered":"\n<figure class=\"wp-block-image size-large\"><img loading=\"lazy\" width=\"1024\" height=\"576\" src=\"https:\/\/revistaenraizada.com\/wp-content\/uploads\/2021\/04\/Portada-1-1024x576.jpg\" alt=\"\" class=\"wp-image-748\" srcset=\"https:\/\/revistaenraizada.com\/wp-content\/uploads\/2021\/04\/Portada-1-1024x576.jpg 1024w, https:\/\/revistaenraizada.com\/wp-content\/uploads\/2021\/04\/Portada-1-300x169.jpg 300w, https:\/\/revistaenraizada.com\/wp-content\/uploads\/2021\/04\/Portada-1-768x432.jpg 768w, https:\/\/revistaenraizada.com\/wp-content\/uploads\/2021\/04\/Portada-1-1536x864.jpg 1536w, https:\/\/revistaenraizada.com\/wp-content\/uploads\/2021\/04\/Portada-1.jpg 1920w\" sizes=\"(max-width: 1024px) 100vw, 1024px\" \/><\/figure>\n\n\n\n<h3 class=\"has-text-align-right\">por Gast\u00f3n Mazzaferro<\/h3>\n\n\n\n<p>Cuando despert\u00e9 la ma\u00f1ana del d\u00eda 9 de septiembre del 2020, proced\u00ed a seguir mi habitual rutina matutina: sal\u00ed de mi cama un tanto desganado, pase por el ba\u00f1o, calent\u00e9 agua para el mate y, con la calabaza ya llena de yerba, me sent\u00e9 en el living de mi casa dispuesto a desayunar. A continuaci\u00f3n, regu\u00e9 el mate con el agua caliente \u2014 procurando dejar la monta\u00f1ita de yerba seca que no suele durar m\u00e1s de 5 cebadas \u2014 y tom\u00e9 el primer sorbo.<\/p>\n\n\n\n<p>Esa semana, la provincia de Buenos Aires se enfrentaba a una protesta policial por bajos salarios que hab\u00eda escalado a niveles preocupantes: las manifestaciones se hab\u00edan trasladado r\u00e1pidamente a la Quinta de Olivos \u2014 residencia presidencial \u2014. Armados en la puerta de la residencia y procediendo a rodear de patrulleros a la misma, los polic\u00edas bonaerenses llevaban a cabo sus reclamos que r\u00e1pidamente hicieron despertar las comparaciones con otro suceso de la historia argentina reciente: el levantamiento carapintada del a\u00f1o 1987.<\/p>\n\n\n\n<p>Ahora bien, entendemos que ambos sucesos son dif\u00edcilmente comparables: estamos hablando de distintos contextos hist\u00f3ricos, distintos actores sociales, diferentes causas de movilizaci\u00f3n y distintas formas de hacerlo. Pero, dado que las comparaciones existieron en ese momento (y siguen existiendo ahora) nos parece oportuno describir y analizar este acontecimiento del pasado que, cada Semana Santa, es recordado: \u00bfEn qu\u00e9 consistieron las rebeliones carapintadas? \u00bfQui\u00e9nes fueron? \u00bfQu\u00e9 era lo que reclamaban? \u00bfDe qu\u00e9 formas reaccion\u00f3 el gobierno y cu\u00e1les fueron las estrategias tomadas en consecuencia?<\/p>\n\n\n\n<h2>Como siempre, y antes que nada, un poco de contexto<\/h2>\n\n\n\n<p>Corr\u00eda el a\u00f1o 1983, Argentina sal\u00eda de su \u00faltima y m\u00e1s violenta dictadura militar y Raul Alfons\u00edn, candidato de la Uni\u00f3n C\u00edvica Radical (UCR), se impon\u00eda en las urnas con un 52% de los votos contra su perseguidor m\u00e1s inmediato, \u00cdtalo Luder, candidato del PJ, que sac\u00f3 un 40% de los votos y qued\u00f3 segundo. La campa\u00f1a de Alfons\u00edn hab\u00eda tenido tres pilares fundamentales: juzgar los atroces cr\u00edmenes cometidos por la \u00faltima dictadura militar, democratizar las instituciones \u2014 entre las cuales se encontraban las Fuerzas Armadas\u2014 y reactivar la econom\u00eda. Para lo que nos compete, nos interesan en particular los primeros dos pilares ya que, detr\u00e1s de las medidas llevadas a cabo para lograr estos, se esconder\u00e1n all\u00ed los motivos del alzamiento.<\/p>\n\n\n\n<p>Ser\u00e1 en el \u00e1mbito de los juicios donde m\u00e1s r\u00e1pido el nuevo gobierno constitucional intentar\u00e1 avanzar. Pocos d\u00edas luego de asumir, Alfons\u00edn sancionar\u00eda los decretos 157, 158 y 187, mediante los cuales ordenaba la persecuci\u00f3n y procesamiento de las tres primeras juntas militar y de los distintos jefes de los grupos armados que hab\u00edan estado en actividad desde finales de la d\u00e9cada del \u201860 hasta finales del \u201870, en la Argentina. El encarcelamiento de estos \u00faltimos era de suma importancia para un gobierno que tem\u00eda que la opini\u00f3n y las Fuerzas Armadas creyeran que estos juicios se trataban de una mera campa\u00f1a \u201cantimilitar\u201d.<\/p>\n\n\n\n<p>De esta forma, fueron equiparados los cr\u00edmenes cometidos por las guerrillas con los cometidos por el Estado, constituy\u00e9ndose la poco sostenible teor\u00eda de los dos demonios (1). Sin embargo, el juicio no ser\u00eda contra todos los responsables de los crimenes del terrorismo de Estado. Por el contrario, la estrategia de Alfons\u00edn se basaba en que las Fuerzas Armadas se juzguen a s\u00ed mismas seg\u00fan tres niveles de responsabilidad: en primer lugar, los comandantes que dictaron las \u00f3rdenes; en segundo, aquellos que las cumplieron; en tercero, aquellos que las cumplieron y se excedieron en el camino. Para el gobierno, solo los primeros y los terceros eran los que deb\u00edan ser castigados.<\/p>\n\n\n\n<p>La estrategia del gobieno era as\u00ed doble: por una lado, sancionaba a las Fuerzas Armadas por su violaci\u00f3n a los derechos humanos. Por el otro, buscaba incorporar a los militares a la vida democr\u00e1tica. El autojuzgamiento de las Fuerzas Armadas, desde la perspectiva del gobierno, permitir\u00eda sancionar judicialmente a algunos de los responsables, sin romper relaciones con el aparato militar en su conjunto.<\/p>\n\n\n\n<figure class=\"wp-block-image size-large\"><img loading=\"lazy\" width=\"1024\" height=\"657\" src=\"https:\/\/revistaenraizada.com\/wp-content\/uploads\/2021\/04\/tapaedicionesp-1024x657.jpg\" alt=\"\" class=\"wp-image-750\" srcset=\"https:\/\/revistaenraizada.com\/wp-content\/uploads\/2021\/04\/tapaedicionesp-1024x657.jpg 1024w, https:\/\/revistaenraizada.com\/wp-content\/uploads\/2021\/04\/tapaedicionesp-300x193.jpg 300w, https:\/\/revistaenraizada.com\/wp-content\/uploads\/2021\/04\/tapaedicionesp-768x493.jpg 768w, https:\/\/revistaenraizada.com\/wp-content\/uploads\/2021\/04\/tapaedicionesp.jpg 1072w\" sizes=\"(max-width: 1024px) 100vw, 1024px\" \/><\/figure>\n\n\n\n<h2>El problem\u00e1tico camino hacia los juicios<\/h2>\n\n\n\n<p>Siguiendo estos lineamientos b\u00e1sicos, ser\u00e1 que el ejecutivo enviar\u00e1 al congreso dos leyes que le permitir\u00edan llevar a cabo su plan: en primer lugar, se sancionar\u00e1 la ley 23.040. Esta derogaba la ley de autoamnist\u00eda sancionada por los militares en sus \u00faltimos momentos en el gobierno. En segundo lugar, el congreso aprobar\u00eda la ley 23.049 de Reforma del C\u00f3digo Militar.<\/p>\n\n\n\n<p>Esta le otorgaba al Consejo Supremo de las Fuerzas Armadas la potestad de juzgar a los militares responsables en un plazo de 6 meses. Vencido este o frente a cualquier apelaci\u00f3n ser\u00edan los tribunales civiles los que se har\u00edan cargo. Esta ley tambi\u00e9n inclu\u00eda un art\u00edculo que estipulaba que no ser\u00edan juzgados aquellos que segu\u00edan \u00f3rdenes. Sin embargo, en el tratamiento en el congreso este art\u00edculo se modific\u00f3, alcanzando tambi\u00e9n a aquellos que se hubieran excedido en el cumplimiento de las mismas. Esto ampliaba el n\u00famero de posibles alcanzados por la ley, lo que inquietaba al gobierno ya que creaba incertidumbre en todas las Fuerzas Armadas.<\/p>\n\n\n\n<p>De m\u00e1s est\u00e1 decir que la estrategia de autojuzgamiento fue, en efecto, un fracaso. Poco tard\u00f3 el Consejo Supremo de las Fuerzas Armadas en afirmar que las \u00f3rdenes de las c\u00fapulas militares referidas a la represi\u00f3n eran \u201cinobjetablemente leg\u00edtimas\u201d (2). El consejo se negaba as\u00ed tajantemente a juzgar a los implicados.<\/p>\n\n\n\n<p>Tras esta negaci\u00f3n ser\u00e1 la C\u00e1mara Federal de Buenos Aires la encargada de los juicios. Las audiencias iniciaron en abril de 1985 y finalizaron en diciembre del mismo a\u00f1o. \u00bfEl resultado? Jorge Rafael Videla y Emilio Massera quedaron condenados a prisi\u00f3n perpetua, Roberto Viola fue condenado a diecisiete a\u00f1os de prisi\u00f3n, Armando Lamburschini a ocho a\u00f1os y el brigadier Agosti a tres a\u00f1os y nueve meses. Por su parte, Galtieri, entre otros personajes, quedar\u00eda sobrese\u00eddo de sus cargos.<\/p>\n\n\n\n<p>Sin embargo, y a pesar de lo suave de la sentencia, hab\u00eda un punto de la misma que nos es relevante para lo que queremos analizar: el punto 30. Este ped\u00eda que se enjuicie no solo a las c\u00fapulas militares, sino tambi\u00e9n a los oficiales y suboficiales responsables y todos aquellos que ten\u00edan responsabilidad operativa. Lo importante de este punto era que ampliaba la cantidad de sujetos que pod\u00edan ser juzgados y, de esta manera, minaba la estrategia del gobierno.<\/p>\n\n\n\n<h2>El fracaso del Punto Final<\/h2>\n\n\n\n<p>Como respuesta al punto 30, el gobierno comenzar\u00eda a llevar adelante una serie de estrategias para limitar los alcances del fallo. En abril del a\u00f1o 1986, se dar\u00edan a conocer las \u201cInstrucciones al Fiscal General del Consejo Supremo de las Fuerzas Armadas\u201d, emitidas por el Ministerio de Defensa. En estas, se establec\u00eda que los subordinados ser\u00edan s\u00f3lo responsables, penalmente hablando, cuando hayan tenido capacidad de decidir o hayan ejecutado hechos atroces o aberrantes.<\/p>\n\n\n\n<p>Estas instrucciones no solo despertar\u00edan un fuerte rechazo en los partidos opositores, en los organismos de derechos humanos y en la sociedad civil en general, sino tambi\u00e9n en la C\u00e1mara Federal de Capital, que amenazar\u00eda con su renuncia en bloque. En respuesta, el presidente prometi\u00f3 nuevas instrucciones que evitaran que la \u201cobediencia debida\u201d pudiera esconder hechos il\u00edcitos y aberrantes.<\/p>\n\n\n\n<p>El segundo intento por parte del gobierno para limitar la cantidad de enjuiciados ser\u00eda mediante la Ley de Punto Final. Sancionada en diciembre del a\u00f1o \u201886, esta establec\u00eda una fecha l\u00edmite en la cual se pod\u00eda llamar a indagatoria a presuntos culpables de violaciones a los derechos humanos. De esta manera, a partir del 23 de febrero de 1987, prescribir\u00edan todas las causas que no tuvieron imputados.<\/p>\n\n\n\n<p>Esta medida ser\u00e1 tambi\u00e9n un fracaso. Sancionada en diciembre, se supon\u00eda que los indagados ser\u00edan escasos ya que el periodo de tiempo sancionado coincid\u00eda con la feria judicial. Sin embargo, las C\u00e1maras Federales de Cordoba, Bah\u00eda Blanca, Tucuman, Rosario, Mendoza, Comodoro Rivadavia y La Plata decidieron suspender la feria y dedicarse esos dos meses a las causas pendientes. Cuando venci\u00f3 el plazo, unos trescientos oficiales de alta graduaci\u00f3n se encontraban procesados, aproximadamente, 15 veces m\u00e1s de los que esperaba el ejecutivo.<\/p>\n\n\n\n<h2>La irrupci\u00f3n de los carapintadas<\/h2>\n\n\n\n<p>La ley no s\u00f3lo no tuvo los efectos deseados, sino que en abril del \u201887, luego de la negativa del mayor Barreiro a presentarse a declarar, comenzar\u00eda la primer crisis militar del nuevo gobierno democr\u00e1tico. Aunque iniciada en C\u00f3rdoba, ser\u00eda cuando se sume un nuevo foco en Campo de Mayo, liderada por el teniente coronel Aldo Rico, el momento en el cual todo se complic\u00f3.<\/p>\n\n\n\n<p>La rebeli\u00f3n fue protagonizada por un grupo de oficiales intermedios, ex combatientes de <a href=\"https:\/\/revistaenraizada.com\/index.php\/2021\/04\/02\/una-larga-historia-de-malvinas-siglos-xv-xx\/\" target=\"_blank\" rel=\"noreferrer noopener\">Malvinas<\/a>, que contaban con una importante cohesi\u00f3n interna. Por el hecho de que pintaron sus caras con bet\u00fan durante el tiempo que dur\u00f3 la rebeli\u00f3n, los sublevados fueron llamados carapintadas. Este grupo, identificaba como enemigo a las c\u00fapulas pasadas del ej\u00e9rcito \u2014 por sus fracasos tanto gubernamentales como militares \u2014, pero tambi\u00e9n a las nuevas, por su incapacidad de conseguir una amnist\u00eda generalizada.<\/p>\n\n\n\n<figure class=\"wp-block-image size-large\"><img loading=\"lazy\" width=\"1024\" height=\"576\" src=\"https:\/\/revistaenraizada.com\/wp-content\/uploads\/2021\/04\/Carapintada-cuerpo-2-1024x576.jpg\" alt=\"\" class=\"wp-image-745\" srcset=\"https:\/\/revistaenraizada.com\/wp-content\/uploads\/2021\/04\/Carapintada-cuerpo-2-1024x576.jpg 1024w, https:\/\/revistaenraizada.com\/wp-content\/uploads\/2021\/04\/Carapintada-cuerpo-2-300x169.jpg 300w, https:\/\/revistaenraizada.com\/wp-content\/uploads\/2021\/04\/Carapintada-cuerpo-2-768x432.jpg 768w, https:\/\/revistaenraizada.com\/wp-content\/uploads\/2021\/04\/Carapintada-cuerpo-2-1536x864.jpg 1536w, https:\/\/revistaenraizada.com\/wp-content\/uploads\/2021\/04\/Carapintada-cuerpo-2.jpg 1920w\" sizes=\"(max-width: 1024px) 100vw, 1024px\" \/><figcaption>(Un grupo carapintada en Campo de Mayo)<\/figcaption><\/figure>\n\n\n\n<p>Los carapintadas ten\u00edan varios pedidos: amnist\u00edas, renovaci\u00f3n de las c\u00fapulas, cese de una supuesta campa\u00f1a de desprestigio llevada a cabo por los medios de comunicaci\u00f3n y, finalmente, la no sanci\u00f3n a los participantes de la sublevaci\u00f3n. La rebeli\u00f3n concluir\u00eda en pocos d\u00edas. Debemos entender para esto las limitaciones tanto del gobierno como de los sublevados: por parte del primero, eran escasos los recursos que contaban para reprimir el alzamiento. El ej\u00e9rcito era leal y adher\u00eda a varias de las peticiones carapintadas. Pero, estos \u00faltimos no eran lo suficientemente fuertes como para desatar un golpe si lo hubieran deseado y, adem\u00e1s, carec\u00edan de apoyo entre la sociedad civil que r\u00e1pidamente se moviliz\u00f3 a favor del gobierno.<\/p>\n\n\n\n<p>La soluci\u00f3n parec\u00eda ser, para ambos bandos, una: negociar. De esta forma, Alfons\u00edn se present\u00f3 en Campo de Mayo para hacerlo. Luego de que el conflicto fuera solucionado, habl\u00f3 frente a una plaza repleta y dijo su famosa frase \u201c\u00a1Felices pascuas, la casa est\u00e1 en orden!\u201d y el 19 de abril de 1987, el primer levantamiento carapintada parec\u00eda haber llegado a su fin.<\/p>\n\n\n\n<p>Pero, \u00bfCu\u00e1les fueron las consecuencias de esa negociaci\u00f3n? La m\u00e1s importante, probablemente, fue la Ley de Obediencia Debida.<\/p>\n\n\n\n<div class=\"wp-block-image\"><figure class=\"aligncenter size-large\"><img loading=\"lazy\" width=\"565\" height=\"319\" src=\"https:\/\/revistaenraizada.com\/wp-content\/uploads\/2021\/04\/Alfonsin-Cuerpo.jpg\" alt=\"\" class=\"wp-image-746\" srcset=\"https:\/\/revistaenraizada.com\/wp-content\/uploads\/2021\/04\/Alfonsin-Cuerpo.jpg 565w, https:\/\/revistaenraizada.com\/wp-content\/uploads\/2021\/04\/Alfonsin-Cuerpo-300x169.jpg 300w\" sizes=\"(max-width: 565px) 100vw, 565px\" \/><figcaption>(Alfons\u00edn en Campo de Mayo, dispuesto a negociar con los carapintadas)<\/figcaption><\/figure><\/div>\n\n\n\n<h2>La Ley de Obediencia Debida<\/h2>\n\n\n\n<p>Aquel 19 de abril en el cual el primer levantamiento carapintada hab\u00eda llegado a su fin, hab\u00eda sido tambi\u00e9n el d\u00eda en el cual los distintos partidos firmaron el Acta de Compromiso Democratico. En este, hab\u00eda un punto que comenzaba a esbozar lo que ser\u00eda la Ley de Obediencia Debida. El punto 3, establec\u00eda que \u201cla reconciliaci\u00f3n de los argentinos solo ser\u00e1 posible en el marco de la Justicia, del pleno acatamiento a la ley y del debido reconocimiento de los niveles de responsabilidad de las conductas y hechos del pasado\u201d (3). Con estas \u00faltimas palabras, los distintos partidos avalaban la pr\u00f3xima medida que tomar\u00e1 el gobierno alfonsinista.<\/p>\n\n\n\n<figure class=\"wp-block-image size-large\"><img loading=\"lazy\" width=\"744\" height=\"1023\" src=\"https:\/\/revistaenraizada.com\/wp-content\/uploads\/2021\/04\/Carapintada-cuerpo.jpg\" alt=\"\" class=\"wp-image-747\" srcset=\"https:\/\/revistaenraizada.com\/wp-content\/uploads\/2021\/04\/Carapintada-cuerpo.jpg 744w, https:\/\/revistaenraizada.com\/wp-content\/uploads\/2021\/04\/Carapintada-cuerpo-218x300.jpg 218w\" sizes=\"(max-width: 744px) 100vw, 744px\" \/><figcaption>(&#8220;El rostro del odio&#8221;, titulaba la prensa en medio del conflicto)<\/figcaption><\/figure>\n\n\n\n<p>El 13 de mayo, el ejecutivo mandar\u00eda la susodicha ley al congreso. Haciendo esto, el gobierno eleg\u00eda responder a los amotinados compartiendo responsabilidades con los dem\u00e1s poderes: tanto el ejecutivo como el legislativo estar\u00edan implicados en la b\u00fasqueda de una soluci\u00f3n. Pero bien, \u00bfQu\u00e9 establec\u00eda la Ley de Obediencia Debida? Sint\u00e9ticamente, que aquellos sujetos que a la fecha de la ley ocuparan cargos de oficiales jefes, oficiales subalternos, suboficiales y personal de tropa de las F.F.A.A, de seguridad, policiales o penitenciarias, no ser\u00edan punibles en caso de haber violado alg\u00fan derecho humano ya que se presum\u00eda que actuaron siguiendo \u00f3rdenes.<\/p>\n\n\n\n<p>La sanci\u00f3n de esta ley era sin dudas pol\u00e9mica: de alguna manera afirmaba impl\u00edcitamente que no todos los ciudadanos son iguales ante la ley y que la fuerza segu\u00eda siendo un instrumento eficaz para hacer pol\u00edtica en la Argentina. A su vez, la sanci\u00f3n de la ley daba la impresi\u00f3n de que el gobierno hab\u00eda dado lugar a las demandas de los insurrectos, lo que generaba la sensaci\u00f3n de que era d\u00e9bil.<\/p>\n\n\n\n<p>Ahora bien, m\u00e1s all\u00e1 del problema de los Derechos Humanos, al gobierno se le abr\u00eda otro inminente conflicto: \u00bfQue hacer con los insurrectos? Recordemos que una de las demandas era, justamente, la no sanci\u00f3n de los sublevados. Este era un problema no solo por el delito que una insurrecci\u00f3n significaba, sino tambi\u00e9n porque, recordemos, los carapintadas eran un grupo de oficiales intermedios: en el ej\u00e9rcito se hab\u00eda roto la cadena de mandos. De esta forma, los carapintadas se enfrentar\u00edan a posteriori, no solo con el gobierno, sino tambi\u00e9n con los generales y ninguno de los dos estaba dispuestos a satisfacer la totalidad de sus demandas.<\/p>\n\n\n\n<p>R\u00e1pidamente, los cabecillas carapintadas ser\u00edan encarcelados. El Ministerio de Defensa dispondr\u00e1 que los mismos sean sometidos a la justicia militar. No obstante, un juez federal se declarar\u00eda competente para enjuiciarlos, lo cual generar\u00eda un conflicto jurisdiccional. Mientras esto se resolv\u00eda, el nuevo jefe del Estado Mayor del Ej\u00e9rcito, el Generla Caridi, decidi\u00f3 penalizar a los participantes, poni\u00e9ndolos en disponibilidad, abriendo sumarios e influyendo en la Junta de Calificaciones, encargada de decidir los ascensos dentro del ej\u00e9rcito.<\/p>\n\n\n\n<h2>Palabras finales<\/h2>\n\n\n\n<p>Las consecuencias del levantamiento carapintada no solo ser\u00eda el freno a los juicios a los responsables de violar sistematicamente los derechos humanos, sino tambi\u00e9n otras tres rebeliones, la \u00faltima de ellas, en el a\u00f1o 1990. Estas fueron la consecuencia a la disconformidad de los carapintadas a los castigos que se les hab\u00eda impuesto, sobre todo, el relativo al de los ascensos.<\/p>\n\n\n\n<p>Las rebeliones que seguir\u00e1n ser\u00e1n, no obstante, un fracaso: tras la Ley de Obediencia Debida, los carapintadas perdieron mucho de su apoyo. El n\u00famero de procesados por causas de violaciones a los derechos humanos se hab\u00eda reducido de manera dr\u00e1stica. Los reclamos m\u00e1s urgentes se hab\u00edan visto as\u00ed satisfechos.<\/p>\n\n\n\n<p>Cada una de las pr\u00f3ximas rebeliones tendr\u00e1n sus respectivas causas y consecuencias que cambiar\u00e1n seg\u00fan el contexto pol\u00edtico. Analizar a cada una tomar\u00eda su propio art\u00edculo particular. No obstante, lo que quiz\u00e1s deber\u00edamos remarcar aqu\u00ed, para darle un cierre, es que la \u00faltima suceder\u00e1 en el a\u00f1o 1990. El contexto aqu\u00ed es muy distinto al descrito: no solo nos encontramos con un nuevo presidente de otro partido pol\u00edtico \u2014 como lo fue Carlos Menem \u2014, tambi\u00e9n nos encontramos con una nueva postura gubernamental respecto al quehacer con los militares y las violaciones a los derechos humanos que se hab\u00edan cometido.<\/p>\n\n\n\n<p>Si la respuesta de Alfons\u00edn a este problema hab\u00eda sido juzgar poco, pero juzgar, la de Menem ser\u00eda el indulto como medio de conseguir obediencia: en diciembre de 1989, anunciar\u00eda el indulto que alcanzaba desde militares que hab\u00edan violado derechos humanos, hasta militares sublevados durante la anterior presidencia. Una segunda tanda de indultos llegar\u00eda un tiempo despu\u00e9s e incluir\u00eda a los integrantes de las juntas y a los l\u00edderes de las guerrillas. La estrategia fue eficaz: cuando al a\u00f1o siguiente una nueva rebeli\u00f3n carapintada se alce contra el gobierno, las adhesiones ser\u00e1n m\u00ednimas.<\/p>\n\n\n\n<p>Se hab\u00eda alcanzado la obediencia. Para alcanzar la justicia debimos esperar algunos a\u00f1os m\u00e1s\u2026<\/p>\n\n\n\n<h2 class=\"has-text-align-center\">~<\/h2>\n\n\n\n<p>Te puede interesar: <a href=\"https:\/\/revistaenraizada.com\/index.php\/2021\/04\/02\/una-larga-historia-de-malvinas-siglos-xv-xx\/\" target=\"_blank\" rel=\"noreferrer noopener\">Una larga Historia de Malvinas<\/a><\/p>\n\n\n\n<h2>Referencias:<\/h2>\n\n\n\n<ul><li>(1) Las razones por la cual dif\u00edcilmente pueden ser comparables los cr\u00edmenes cometidos por los movimientos armados con los cometidos por el Estado son m\u00faltiples: la negaci\u00f3n por parte del Estado a respetar los Derechos Humanos b\u00e1sicos de la sociedad civil, cuando este es, en teor\u00eda, el garante de los mismos no puede ser comparable con la violencia esgrimida por las guerrillas. En otros aspectos, debemos destacar la sistematicidad con la cual el Estado actu\u00f3 en la \u00faltima dictadura, llevando a cabo torturas masivas, desapariciones, asesinatos, estableciendo cientos de centros clandestinos de detenci\u00f3n a lo largo y ancho del pa\u00eds y secuestrando y robando la identidad de cientos de, en ese momento, beb\u00e9s, de los cuales a\u00fan no se sabe su paradero. Finalmente, asumir que se trat\u00f3 de \u201cdos demonios\u201d es aceptar impl\u00edcitamente la versi\u00f3n de que, efectivamente, existi\u00f3 una guerra. Esto no solo es falso por la capacidad de log\u00edstica y acci\u00f3n que puede tener todo el aparato estatal frente a unos, proporcionalmente hablando, grupos armados mucho m\u00e1s peque\u00f1os, sino porque las torturas, asesinatos, desapariciones y violaciones sistem\u00e1ticas de los D.D.H.H no sucedieron solo contra los integrantes de las guerrillas, sino tambi\u00e9n contra sindicalistas, estudiantes, docentes, religiosos, artistas o, m\u00e1s sucintamente, contra cualquier tipo de opositor al gobierno de facto. &#8211; <\/li><li>(2) Acu\u00f1a; Smulovitz, 1995: 41<\/li><li>(3) Acu\u00f1a; Smulovitz, 1995: 51<\/li><\/ul>\n\n\n\n<h2>Bibliograf\u00eda:<\/h2>\n\n\n\n<ul><li>Acu\u00f1a, C., &amp; Smulovitz, C. (1995). Militares en la transici\u00f3n argentina: del gobierno a la subordinaci\u00f3n constitucional. En A. P\u00e9rotin-Dumon (Ed.), Juicio, Castigos y Memorias (p. 0). CABA, Argentina: Nueva Visi\u00f3n.<\/li><li>Baeza Belda J. (2009). \u00bfSalvadores de la Patria o de s\u00ed mismos? Explorando las razones de los levantamientos carapintadas (1987-1990)<\/li><li>Canelo, P. (2013). \u00bfQu\u00e9 hacer con las Fuerzas Armadas? Treinta a\u00f1os de \u201ccuesti\u00f3n militar\u201d en la Argentina. En M. Burkart, y M. Nercesian (Eds.), Dossier Argentina: 30 a\u00f1os de democracia. Observatorio Latinoamericano 12 (pp.136-148). Universidad de Buenos Aires e Instituto de Estudios de Am\u00e9rica Latina y el Caribe<\/li><li>Canelo, P. (2015). La descomposici\u00f3n del poder militar en la Argentina: Las Fuerzas Armadas durante las presidencias de Galtieri, Bignone y Alfons\u00edn (1981-1987)<\/li><li>Novaro, M. (2011). <em>Historia de la argentina. 1955- actualidad<\/em>. CABA, Argentina: Siglo XXI Editores.<\/li><\/ul>\n","protected":false},"excerpt":{"rendered":"<p>por Gast\u00f3n Mazzaferro Cuando despert\u00e9 la ma\u00f1ana del d\u00eda 9 de septiembre del 2020, proced\u00ed a seguir mi habitual rutina matutina: sal\u00ed de mi cama un tanto desganado, pase por&hellip; <\/p>\n","protected":false},"author":1,"featured_media":751,"comment_status":"open","ping_status":"open","sticky":false,"template":"","format":"standard","meta":[],"categories":[1],"tags":[27,112,104,41],"yoast_head":"<!-- This site is optimized with the Yoast SEO plugin v19.4 - https:\/\/yoast.com\/wordpress\/plugins\/seo\/ -->\n<title>Carapintadas: domingo de Insurrecci\u00f3n - Revista Enraizada<\/title>\n<meta name=\"description\" content=\"Breve historia de la primer crisis militar en democracia: la insurrecci\u00f3n del movimiento carapintada en Argentina.\" \/>\n<meta name=\"robots\" content=\"index, follow, max-snippet:-1, max-image-preview:large, max-video-preview:-1\" \/>\n<link rel=\"canonical\" href=\"https:\/\/revistaenraizada.com\/index.php\/2021\/04\/04\/carapintadas-domingo-de-insurreccion\/\" \/>\n<meta property=\"og:locale\" content=\"es_ES\" \/>\n<meta property=\"og:type\" content=\"article\" \/>\n<meta property=\"og:title\" content=\"Carapintadas: domingo de Insurrecci\u00f3n - Revista Enraizada\" \/>\n<meta property=\"og:description\" content=\"Breve historia de la primer crisis militar en democracia: la insurrecci\u00f3n del movimiento carapintada en Argentina.\" \/>\n<meta property=\"og:url\" content=\"https:\/\/revistaenraizada.com\/index.php\/2021\/04\/04\/carapintadas-domingo-de-insurreccion\/\" \/>\n<meta property=\"og:site_name\" content=\"Revista Enraizada\" \/>\n<meta property=\"article:publisher\" content=\"https:\/\/www.facebook.com\/enraizada.historia\" \/>\n<meta property=\"article:published_time\" content=\"2021-04-04T15:06:36+00:00\" \/>\n<meta property=\"article:modified_time\" content=\"2021-04-04T15:35:26+00:00\" \/>\n<meta property=\"og:image\" content=\"https:\/\/revistaenraizada.com\/wp-content\/uploads\/2021\/04\/Falta-muy-poco-15.png\" \/>\n\t<meta property=\"og:image:width\" content=\"800\" \/>\n\t<meta property=\"og:image:height\" content=\"600\" \/>\n\t<meta property=\"og:image:type\" content=\"image\/png\" \/>\n<meta name=\"author\" content=\"Enraizada\" \/>\n<meta name=\"twitter:card\" content=\"summary_large_image\" \/>\n<meta name=\"twitter:label1\" content=\"Escrito por\" \/>\n\t<meta name=\"twitter:data1\" content=\"Enraizada\" \/>\n\t<meta name=\"twitter:label2\" content=\"Tiempo de lectura\" \/>\n\t<meta name=\"twitter:data2\" content=\"14 minutos\" \/>\n<script type=\"application\/ld+json\" class=\"yoast-schema-graph\">{\"@context\":\"https:\/\/schema.org\",\"@graph\":[{\"@type\":\"Organization\",\"@id\":\"https:\/\/revistaenraizada.com\/#organization\",\"name\":\"Revista Enraizada\",\"url\":\"https:\/\/revistaenraizada.com\/\",\"sameAs\":[\"https:\/\/www.instagram.com\/revista.enraizada\/\",\"https:\/\/www.facebook.com\/enraizada.historia\"],\"logo\":{\"@type\":\"ImageObject\",\"inLanguage\":\"es-AR\",\"@id\":\"https:\/\/revistaenraizada.com\/#\/schema\/logo\/image\/\",\"url\":\"https:\/\/revistaenraizada.com\/wp-content\/uploads\/2020\/09\/Logo-oficial.jpg\",\"contentUrl\":\"https:\/\/revistaenraizada.com\/wp-content\/uploads\/2020\/09\/Logo-oficial.jpg\",\"width\":1043,\"height\":896,\"caption\":\"Revista Enraizada\"},\"image\":{\"@id\":\"https:\/\/revistaenraizada.com\/#\/schema\/logo\/image\/\"}},{\"@type\":\"WebSite\",\"@id\":\"https:\/\/revistaenraizada.com\/#website\",\"url\":\"https:\/\/revistaenraizada.com\/\",\"name\":\"Revista Enraizada\",\"description\":\"Historia y cosas.\",\"publisher\":{\"@id\":\"https:\/\/revistaenraizada.com\/#organization\"},\"potentialAction\":[{\"@type\":\"SearchAction\",\"target\":{\"@type\":\"EntryPoint\",\"urlTemplate\":\"https:\/\/revistaenraizada.com\/?s={search_term_string}\"},\"query-input\":\"required name=search_term_string\"}],\"inLanguage\":\"es-AR\"},{\"@type\":\"WebPage\",\"@id\":\"https:\/\/revistaenraizada.com\/index.php\/2021\/04\/04\/carapintadas-domingo-de-insurreccion\/\",\"url\":\"https:\/\/revistaenraizada.com\/index.php\/2021\/04\/04\/carapintadas-domingo-de-insurreccion\/\",\"name\":\"Carapintadas: domingo de Insurrecci\u00f3n - Revista Enraizada\",\"isPartOf\":{\"@id\":\"https:\/\/revistaenraizada.com\/#website\"},\"datePublished\":\"2021-04-04T15:06:36+00:00\",\"dateModified\":\"2021-04-04T15:35:26+00:00\",\"description\":\"Breve historia de la primer crisis militar en democracia: la insurrecci\u00f3n del movimiento carapintada en Argentina.\",\"breadcrumb\":{\"@id\":\"https:\/\/revistaenraizada.com\/index.php\/2021\/04\/04\/carapintadas-domingo-de-insurreccion\/#breadcrumb\"},\"inLanguage\":\"es-AR\",\"potentialAction\":[{\"@type\":\"ReadAction\",\"target\":[\"https:\/\/revistaenraizada.com\/index.php\/2021\/04\/04\/carapintadas-domingo-de-insurreccion\/\"]}]},{\"@type\":\"BreadcrumbList\",\"@id\":\"https:\/\/revistaenraizada.com\/index.php\/2021\/04\/04\/carapintadas-domingo-de-insurreccion\/#breadcrumb\",\"itemListElement\":[{\"@type\":\"ListItem\",\"position\":1,\"name\":\"Inicio\",\"item\":\"https:\/\/revistaenraizada.com\/\"},{\"@type\":\"ListItem\",\"position\":2,\"name\":\"Carapintadas: domingo de Insurrecci\u00f3n\"}]},{\"@type\":\"Article\",\"@id\":\"https:\/\/revistaenraizada.com\/index.php\/2021\/04\/04\/carapintadas-domingo-de-insurreccion\/#article\",\"isPartOf\":{\"@id\":\"https:\/\/revistaenraizada.com\/index.php\/2021\/04\/04\/carapintadas-domingo-de-insurreccion\/\"},\"author\":{\"name\":\"Enraizada\",\"@id\":\"https:\/\/revistaenraizada.com\/#\/schema\/person\/958fbbce23c17ef55c6f7489ba3bbd18\"},\"headline\":\"Carapintadas: domingo de Insurrecci\u00f3n\",\"datePublished\":\"2021-04-04T15:06:36+00:00\",\"dateModified\":\"2021-04-04T15:35:26+00:00\",\"mainEntityOfPage\":{\"@id\":\"https:\/\/revistaenraizada.com\/index.php\/2021\/04\/04\/carapintadas-domingo-de-insurreccion\/\"},\"wordCount\":3076,\"commentCount\":0,\"publisher\":{\"@id\":\"https:\/\/revistaenraizada.com\/#organization\"},\"keywords\":[\"Argentina\",\"Derechos Humanos\",\"Historia Contempor\u00e1nea\",\"setentas\"],\"articleSection\":[\"Art\u00edculos\"],\"inLanguage\":\"es-AR\",\"potentialAction\":[{\"@type\":\"CommentAction\",\"name\":\"Comment\",\"target\":[\"https:\/\/revistaenraizada.com\/index.php\/2021\/04\/04\/carapintadas-domingo-de-insurreccion\/#respond\"]}]},{\"@type\":\"Person\",\"@id\":\"https:\/\/revistaenraizada.com\/#\/schema\/person\/958fbbce23c17ef55c6f7489ba3bbd18\",\"name\":\"Enraizada\",\"image\":{\"@type\":\"ImageObject\",\"inLanguage\":\"es-AR\",\"@id\":\"https:\/\/revistaenraizada.com\/#\/schema\/person\/image\/\",\"url\":\"https:\/\/secure.gravatar.com\/avatar\/c11081acb1227905549742c15d64e537?s=96&d=mm&r=g\",\"contentUrl\":\"https:\/\/secure.gravatar.com\/avatar\/c11081acb1227905549742c15d64e537?s=96&d=mm&r=g\",\"caption\":\"Enraizada\"},\"sameAs\":[\"http:\/\/revistaenraizada.com\"],\"url\":\"https:\/\/revistaenraizada.com\/index.php\/author\/du12ecbyje\/\"}]}<\/script>\n<!-- \/ Yoast SEO plugin. -->","yoast_head_json":{"title":"Carapintadas: domingo de Insurrecci\u00f3n - Revista Enraizada","description":"Breve historia de la primer crisis militar en democracia: la insurrecci\u00f3n del movimiento carapintada en Argentina.","robots":{"index":"index","follow":"follow","max-snippet":"max-snippet:-1","max-image-preview":"max-image-preview:large","max-video-preview":"max-video-preview:-1"},"canonical":"https:\/\/revistaenraizada.com\/index.php\/2021\/04\/04\/carapintadas-domingo-de-insurreccion\/","og_locale":"es_ES","og_type":"article","og_title":"Carapintadas: domingo de Insurrecci\u00f3n - Revista Enraizada","og_description":"Breve historia de la primer crisis militar en democracia: la insurrecci\u00f3n del movimiento carapintada en Argentina.","og_url":"https:\/\/revistaenraizada.com\/index.php\/2021\/04\/04\/carapintadas-domingo-de-insurreccion\/","og_site_name":"Revista Enraizada","article_publisher":"https:\/\/www.facebook.com\/enraizada.historia","article_published_time":"2021-04-04T15:06:36+00:00","article_modified_time":"2021-04-04T15:35:26+00:00","og_image":[{"width":800,"height":600,"url":"https:\/\/revistaenraizada.com\/wp-content\/uploads\/2021\/04\/Falta-muy-poco-15.png","type":"image\/png"}],"author":"Enraizada","twitter_card":"summary_large_image","twitter_misc":{"Escrito por":"Enraizada","Tiempo de lectura":"14 minutos"},"schema":{"@context":"https:\/\/schema.org","@graph":[{"@type":"Organization","@id":"https:\/\/revistaenraizada.com\/#organization","name":"Revista Enraizada","url":"https:\/\/revistaenraizada.com\/","sameAs":["https:\/\/www.instagram.com\/revista.enraizada\/","https:\/\/www.facebook.com\/enraizada.historia"],"logo":{"@type":"ImageObject","inLanguage":"es-AR","@id":"https:\/\/revistaenraizada.com\/#\/schema\/logo\/image\/","url":"https:\/\/revistaenraizada.com\/wp-content\/uploads\/2020\/09\/Logo-oficial.jpg","contentUrl":"https:\/\/revistaenraizada.com\/wp-content\/uploads\/2020\/09\/Logo-oficial.jpg","width":1043,"height":896,"caption":"Revista Enraizada"},"image":{"@id":"https:\/\/revistaenraizada.com\/#\/schema\/logo\/image\/"}},{"@type":"WebSite","@id":"https:\/\/revistaenraizada.com\/#website","url":"https:\/\/revistaenraizada.com\/","name":"Revista Enraizada","description":"Historia y cosas.","publisher":{"@id":"https:\/\/revistaenraizada.com\/#organization"},"potentialAction":[{"@type":"SearchAction","target":{"@type":"EntryPoint","urlTemplate":"https:\/\/revistaenraizada.com\/?s={search_term_string}"},"query-input":"required name=search_term_string"}],"inLanguage":"es-AR"},{"@type":"WebPage","@id":"https:\/\/revistaenraizada.com\/index.php\/2021\/04\/04\/carapintadas-domingo-de-insurreccion\/","url":"https:\/\/revistaenraizada.com\/index.php\/2021\/04\/04\/carapintadas-domingo-de-insurreccion\/","name":"Carapintadas: domingo de Insurrecci\u00f3n - Revista Enraizada","isPartOf":{"@id":"https:\/\/revistaenraizada.com\/#website"},"datePublished":"2021-04-04T15:06:36+00:00","dateModified":"2021-04-04T15:35:26+00:00","description":"Breve historia de la primer crisis militar en democracia: la insurrecci\u00f3n del movimiento carapintada en Argentina.","breadcrumb":{"@id":"https:\/\/revistaenraizada.com\/index.php\/2021\/04\/04\/carapintadas-domingo-de-insurreccion\/#breadcrumb"},"inLanguage":"es-AR","potentialAction":[{"@type":"ReadAction","target":["https:\/\/revistaenraizada.com\/index.php\/2021\/04\/04\/carapintadas-domingo-de-insurreccion\/"]}]},{"@type":"BreadcrumbList","@id":"https:\/\/revistaenraizada.com\/index.php\/2021\/04\/04\/carapintadas-domingo-de-insurreccion\/#breadcrumb","itemListElement":[{"@type":"ListItem","position":1,"name":"Inicio","item":"https:\/\/revistaenraizada.com\/"},{"@type":"ListItem","position":2,"name":"Carapintadas: domingo de Insurrecci\u00f3n"}]},{"@type":"Article","@id":"https:\/\/revistaenraizada.com\/index.php\/2021\/04\/04\/carapintadas-domingo-de-insurreccion\/#article","isPartOf":{"@id":"https:\/\/revistaenraizada.com\/index.php\/2021\/04\/04\/carapintadas-domingo-de-insurreccion\/"},"author":{"name":"Enraizada","@id":"https:\/\/revistaenraizada.com\/#\/schema\/person\/958fbbce23c17ef55c6f7489ba3bbd18"},"headline":"Carapintadas: domingo de Insurrecci\u00f3n","datePublished":"2021-04-04T15:06:36+00:00","dateModified":"2021-04-04T15:35:26+00:00","mainEntityOfPage":{"@id":"https:\/\/revistaenraizada.com\/index.php\/2021\/04\/04\/carapintadas-domingo-de-insurreccion\/"},"wordCount":3076,"commentCount":0,"publisher":{"@id":"https:\/\/revistaenraizada.com\/#organization"},"keywords":["Argentina","Derechos Humanos","Historia Contempor\u00e1nea","setentas"],"articleSection":["Art\u00edculos"],"inLanguage":"es-AR","potentialAction":[{"@type":"CommentAction","name":"Comment","target":["https:\/\/revistaenraizada.com\/index.php\/2021\/04\/04\/carapintadas-domingo-de-insurreccion\/#respond"]}]},{"@type":"Person","@id":"https:\/\/revistaenraizada.com\/#\/schema\/person\/958fbbce23c17ef55c6f7489ba3bbd18","name":"Enraizada","image":{"@type":"ImageObject","inLanguage":"es-AR","@id":"https:\/\/revistaenraizada.com\/#\/schema\/person\/image\/","url":"https:\/\/secure.gravatar.com\/avatar\/c11081acb1227905549742c15d64e537?s=96&d=mm&r=g","contentUrl":"https:\/\/secure.gravatar.com\/avatar\/c11081acb1227905549742c15d64e537?s=96&d=mm&r=g","caption":"Enraizada"},"sameAs":["http:\/\/revistaenraizada.com"],"url":"https:\/\/revistaenraizada.com\/index.php\/author\/du12ecbyje\/"}]}},"_links":{"self":[{"href":"https:\/\/revistaenraizada.com\/index.php\/wp-json\/wp\/v2\/posts\/742"}],"collection":[{"href":"https:\/\/revistaenraizada.com\/index.php\/wp-json\/wp\/v2\/posts"}],"about":[{"href":"https:\/\/revistaenraizada.com\/index.php\/wp-json\/wp\/v2\/types\/post"}],"author":[{"embeddable":true,"href":"https:\/\/revistaenraizada.com\/index.php\/wp-json\/wp\/v2\/users\/1"}],"replies":[{"embeddable":true,"href":"https:\/\/revistaenraizada.com\/index.php\/wp-json\/wp\/v2\/comments?post=742"}],"version-history":[{"count":1,"href":"https:\/\/revistaenraizada.com\/index.php\/wp-json\/wp\/v2\/posts\/742\/revisions"}],"predecessor-version":[{"id":752,"href":"https:\/\/revistaenraizada.com\/index.php\/wp-json\/wp\/v2\/posts\/742\/revisions\/752"}],"wp:featuredmedia":[{"embeddable":true,"href":"https:\/\/revistaenraizada.com\/index.php\/wp-json\/wp\/v2\/media\/751"}],"wp:attachment":[{"href":"https:\/\/revistaenraizada.com\/index.php\/wp-json\/wp\/v2\/media?parent=742"}],"wp:term":[{"taxonomy":"category","embeddable":true,"href":"https:\/\/revistaenraizada.com\/index.php\/wp-json\/wp\/v2\/categories?post=742"},{"taxonomy":"post_tag","embeddable":true,"href":"https:\/\/revistaenraizada.com\/index.php\/wp-json\/wp\/v2\/tags?post=742"}],"curies":[{"name":"wp","href":"https:\/\/api.w.org\/{rel}","templated":true}]}}