{"id":939,"date":"2021-03-22T12:00:00","date_gmt":"2021-03-22T15:00:00","guid":{"rendered":"https:\/\/revistaenraizada.com\/?p=939"},"modified":"2023-04-04T12:25:05","modified_gmt":"2023-04-04T15:25:05","slug":"podcast-william-walker","status":"publish","type":"post","link":"https:\/\/revistaenraizada.com\/index.php\/2021\/03\/22\/podcast-william-walker\/","title":{"rendered":"02 &#8211; \u00bfQui\u00e9n era William Walker? [podcast]"},"content":{"rendered":"\n<div class=\"wp-block-image\"><figure class=\"aligncenter size-medium\"><img loading=\"lazy\" width=\"300\" height=\"300\" src=\"https:\/\/revistaenraizada.com\/wp-content\/uploads\/2021\/09\/Grafica-podcast-300x300.jpg\" alt=\"\" class=\"wp-image-940\" srcset=\"https:\/\/revistaenraizada.com\/wp-content\/uploads\/2021\/09\/Grafica-podcast-300x300.jpg 300w, https:\/\/revistaenraizada.com\/wp-content\/uploads\/2021\/09\/Grafica-podcast-150x150.jpg 150w, https:\/\/revistaenraizada.com\/wp-content\/uploads\/2021\/09\/Grafica-podcast-768x768.jpg 768w, https:\/\/revistaenraizada.com\/wp-content\/uploads\/2021\/09\/Grafica-podcast.jpg 800w\" sizes=\"(max-width: 300px) 100vw, 300px\" \/><\/figure><\/div>\n\n\n\n<p class=\"has-medium-font-size\">\u00bfInvadir un pa\u00eds con un ej\u00e9rcito de piratas? \u00bfReinstaurar la esclavitud? \u00bfTomar Nicaragua y establecer el ingl\u00e9s como idioma oficial? \u00bfPRENDER FUEGO UNA CIUDAD CAPITAL? Walker hizo todo eso&#8230; en algunos casos, dos veces. <\/p>\n\n\n\n<p class=\"has-medium-font-size\">En este segundo cap\u00edtulo de MUCHO TEXTO, Gast\u00f3n nos trae la historia de uno de los personajes m\u00e1s extremos de la historia centroamericana. Pod\u00e9s escucharlo ac\u00e1:<\/p>\n\n\n\n<figure class=\"wp-block-embed is-type-rich is-provider-spotify wp-block-embed-spotify wp-embed-aspect-21-9 wp-has-aspect-ratio\"><div class=\"wp-block-embed__wrapper\">\n<iframe loading=\"lazy\" title=\"Spotify Embed: 02 - \u00bfQUI\u00c9N CARAJO ERA WILLIAM WALKER?\" width=\"100%\" height=\"232\" allowfullscreen allow=\"autoplay; clipboard-write; encrypted-media; fullscreen; picture-in-picture\" src=\"https:\/\/open.spotify.com\/embed\/episode\/0AqkSUFZy79pzKc3LhAVQi\"><\/iframe>\n<\/div><\/figure>\n\n\n\n<h2>Gu\u00eda del Cap\u00edtulo: <\/h2>\n\n\n\n<p>Algunas im\u00e1genes para ilustrar lo que charlamos:<\/p>\n\n\n\n<div class=\"wp-block-image\"><figure class=\"aligncenter size-full\"><img loading=\"lazy\" width=\"188\" height=\"268\" src=\"https:\/\/revistaenraizada.com\/wp-content\/uploads\/2021\/09\/download.jpg\" alt=\"\" class=\"wp-image-942\"\/><figcaption>(William Walker)<\/figcaption><\/figure><\/div>\n\n\n\n<div class=\"wp-block-image\"><figure class=\"aligncenter size-full\"><img loading=\"lazy\" width=\"1024\" height=\"614\" src=\"https:\/\/revistaenraizada.com\/wp-content\/uploads\/2021\/09\/Bandera-del-gobierno-de-Walker.png\" alt=\"\" class=\"wp-image-943\" srcset=\"https:\/\/revistaenraizada.com\/wp-content\/uploads\/2021\/09\/Bandera-del-gobierno-de-Walker.png 1024w, https:\/\/revistaenraizada.com\/wp-content\/uploads\/2021\/09\/Bandera-del-gobierno-de-Walker-300x180.png 300w, https:\/\/revistaenraizada.com\/wp-content\/uploads\/2021\/09\/Bandera-del-gobierno-de-Walker-768x461.png 768w\" sizes=\"(max-width: 1024px) 100vw, 1024px\" \/><figcaption>(Bandera del gobierno de Walker en Nicaragua)<\/figcaption><\/figure><\/div>\n\n\n\n<div class=\"wp-block-image\"><figure class=\"aligncenter size-full\"><img loading=\"lazy\" width=\"506\" height=\"755\" src=\"https:\/\/revistaenraizada.com\/wp-content\/uploads\/2021\/09\/Walker-910005737-large.jpg\" alt=\"\" class=\"wp-image-966\" srcset=\"https:\/\/revistaenraizada.com\/wp-content\/uploads\/2021\/09\/Walker-910005737-large.jpg 506w, https:\/\/revistaenraizada.com\/wp-content\/uploads\/2021\/09\/Walker-910005737-large-201x300.jpg 201w\" sizes=\"(max-width: 506px) 100vw, 506px\" \/><figcaption>(Esta es la pel\u00edcula que mencionamos. \u00bfEs buena? No. \u00bfEs hist\u00f3ricamente relevante? No, tampoco.)<\/figcaption><\/figure><\/div>\n\n\n\n<p><\/p>\n","protected":false},"excerpt":{"rendered":"<p>\u00bfInvadir un pa\u00eds con un ej\u00e9rcito de piratas? \u00bfReinstaurar la esclavitud? \u00bfTomar Nicaragua y establecer el ingl\u00e9s como idioma oficial? \u00bfPRENDER FUEGO UNA CIUDAD CAPITAL? Walker hizo todo eso&#8230; en algunos casos, dos veces.<br \/>\nEn este cap\u00edtulo de MUCHO TEXTO, Gast\u00f3n nos trae la hisotria de uno de los personajes m\u00e1s extremos de la Historia centroameriana. <\/p>\n","protected":false},"author":1,"featured_media":941,"comment_status":"open","ping_status":"open","sticky":false,"template":"","format":"standard","meta":[],"categories":[121],"tags":[123,25,117,122],"yoast_head":"<!-- This site is optimized with the Yoast SEO plugin v19.4 - https:\/\/yoast.com\/wordpress\/plugins\/seo\/ -->\n<title>02 - \u00bfQui\u00e9n era William Walker? [podcast] - Revista Enraizada<\/title>\n<meta name=\"description\" content=\"En este cap\u00edtulo, hablamos del gobierno de William Walker en Nicaragua . Ej\u00e9rcitos pitatas, esclavitud, y ciudades prendidas fuego.\" \/>\n<meta name=\"robots\" content=\"index, follow, max-snippet:-1, max-image-preview:large, max-video-preview:-1\" \/>\n<link rel=\"canonical\" href=\"https:\/\/revistaenraizada.com\/index.php\/2021\/03\/22\/podcast-william-walker\/\" \/>\n<meta property=\"og:locale\" content=\"es_ES\" \/>\n<meta property=\"og:type\" content=\"article\" \/>\n<meta property=\"og:title\" content=\"02 - \u00bfQui\u00e9n era William Walker? [podcast] - Revista Enraizada\" \/>\n<meta property=\"og:description\" content=\"En este cap\u00edtulo, hablamos del gobierno de William Walker en Nicaragua . Ej\u00e9rcitos pitatas, esclavitud, y ciudades prendidas fuego.\" \/>\n<meta property=\"og:url\" content=\"https:\/\/revistaenraizada.com\/index.php\/2021\/03\/22\/podcast-william-walker\/\" \/>\n<meta property=\"og:site_name\" content=\"Revista Enraizada\" \/>\n<meta property=\"article:publisher\" content=\"https:\/\/www.facebook.com\/enraizada.historia\" \/>\n<meta property=\"article:published_time\" content=\"2021-03-22T15:00:00+00:00\" \/>\n<meta property=\"article:modified_time\" content=\"2023-04-04T15:25:05+00:00\" \/>\n<meta property=\"og:image\" content=\"https:\/\/revistaenraizada.com\/wp-content\/uploads\/2021\/09\/Falta-muy-poco-25.png\" \/>\n\t<meta property=\"og:image:width\" content=\"800\" \/>\n\t<meta property=\"og:image:height\" content=\"600\" \/>\n\t<meta property=\"og:image:type\" content=\"image\/png\" \/>\n<meta name=\"author\" content=\"Enraizada\" \/>\n<meta name=\"twitter:card\" content=\"summary_large_image\" \/>\n<meta name=\"twitter:label1\" content=\"Escrito por\" \/>\n\t<meta name=\"twitter:data1\" content=\"Enraizada\" \/>\n\t<meta name=\"twitter:label2\" content=\"Tiempo de lectura\" \/>\n\t<meta name=\"twitter:data2\" content=\"2 minutos\" \/>\n<script type=\"application\/ld+json\" class=\"yoast-schema-graph\">{\"@context\":\"https:\/\/schema.org\",\"@graph\":[{\"@type\":\"Organization\",\"@id\":\"https:\/\/revistaenraizada.com\/#organization\",\"name\":\"Revista Enraizada\",\"url\":\"https:\/\/revistaenraizada.com\/\",\"sameAs\":[\"https:\/\/www.instagram.com\/revista.enraizada\/\",\"https:\/\/www.facebook.com\/enraizada.historia\"],\"logo\":{\"@type\":\"ImageObject\",\"inLanguage\":\"es-AR\",\"@id\":\"https:\/\/revistaenraizada.com\/#\/schema\/logo\/image\/\",\"url\":\"https:\/\/revistaenraizada.com\/wp-content\/uploads\/2020\/09\/Logo-oficial.jpg\",\"contentUrl\":\"https:\/\/revistaenraizada.com\/wp-content\/uploads\/2020\/09\/Logo-oficial.jpg\",\"width\":1043,\"height\":896,\"caption\":\"Revista Enraizada\"},\"image\":{\"@id\":\"https:\/\/revistaenraizada.com\/#\/schema\/logo\/image\/\"}},{\"@type\":\"WebSite\",\"@id\":\"https:\/\/revistaenraizada.com\/#website\",\"url\":\"https:\/\/revistaenraizada.com\/\",\"name\":\"Revista Enraizada\",\"description\":\"Historia y cosas.\",\"publisher\":{\"@id\":\"https:\/\/revistaenraizada.com\/#organization\"},\"potentialAction\":[{\"@type\":\"SearchAction\",\"target\":{\"@type\":\"EntryPoint\",\"urlTemplate\":\"https:\/\/revistaenraizada.com\/?s={search_term_string}\"},\"query-input\":\"required name=search_term_string\"}],\"inLanguage\":\"es-AR\"},{\"@type\":\"WebPage\",\"@id\":\"https:\/\/revistaenraizada.com\/index.php\/2021\/03\/22\/podcast-william-walker\/\",\"url\":\"https:\/\/revistaenraizada.com\/index.php\/2021\/03\/22\/podcast-william-walker\/\",\"name\":\"02 - \u00bfQui\u00e9n era William Walker? [podcast] - Revista Enraizada\",\"isPartOf\":{\"@id\":\"https:\/\/revistaenraizada.com\/#website\"},\"datePublished\":\"2021-03-22T15:00:00+00:00\",\"dateModified\":\"2023-04-04T15:25:05+00:00\",\"description\":\"En este cap\u00edtulo, hablamos del gobierno de William Walker en Nicaragua . Ej\u00e9rcitos pitatas, esclavitud, y ciudades prendidas fuego.\",\"breadcrumb\":{\"@id\":\"https:\/\/revistaenraizada.com\/index.php\/2021\/03\/22\/podcast-william-walker\/#breadcrumb\"},\"inLanguage\":\"es-AR\",\"potentialAction\":[{\"@type\":\"ReadAction\",\"target\":[\"https:\/\/revistaenraizada.com\/index.php\/2021\/03\/22\/podcast-william-walker\/\"]}]},{\"@type\":\"BreadcrumbList\",\"@id\":\"https:\/\/revistaenraizada.com\/index.php\/2021\/03\/22\/podcast-william-walker\/#breadcrumb\",\"itemListElement\":[{\"@type\":\"ListItem\",\"position\":1,\"name\":\"Inicio\",\"item\":\"https:\/\/revistaenraizada.com\/\"},{\"@type\":\"ListItem\",\"position\":2,\"name\":\"02 &#8211; \u00bfQui\u00e9n era William Walker? [podcast]\"}]},{\"@type\":\"Article\",\"@id\":\"https:\/\/revistaenraizada.com\/index.php\/2021\/03\/22\/podcast-william-walker\/#article\",\"isPartOf\":{\"@id\":\"https:\/\/revistaenraizada.com\/index.php\/2021\/03\/22\/podcast-william-walker\/\"},\"author\":{\"name\":\"Enraizada\",\"@id\":\"https:\/\/revistaenraizada.com\/#\/schema\/person\/958fbbce23c17ef55c6f7489ba3bbd18\"},\"headline\":\"02 &#8211; \u00bfQui\u00e9n era William Walker? [podcast]\",\"datePublished\":\"2021-03-22T15:00:00+00:00\",\"dateModified\":\"2023-04-04T15:25:05+00:00\",\"mainEntityOfPage\":{\"@id\":\"https:\/\/revistaenraizada.com\/index.php\/2021\/03\/22\/podcast-william-walker\/\"},\"wordCount\":120,\"commentCount\":0,\"publisher\":{\"@id\":\"https:\/\/revistaenraizada.com\/#organization\"},\"keywords\":[\"Centroam\u00e9rica\",\"Nicaragua\",\"Podcast\",\"Siglo XIX\"],\"articleSection\":[\"PODCAST\"],\"inLanguage\":\"es-AR\",\"potentialAction\":[{\"@type\":\"CommentAction\",\"name\":\"Comment\",\"target\":[\"https:\/\/revistaenraizada.com\/index.php\/2021\/03\/22\/podcast-william-walker\/#respond\"]}]},{\"@type\":\"Person\",\"@id\":\"https:\/\/revistaenraizada.com\/#\/schema\/person\/958fbbce23c17ef55c6f7489ba3bbd18\",\"name\":\"Enraizada\",\"image\":{\"@type\":\"ImageObject\",\"inLanguage\":\"es-AR\",\"@id\":\"https:\/\/revistaenraizada.com\/#\/schema\/person\/image\/\",\"url\":\"https:\/\/secure.gravatar.com\/avatar\/c11081acb1227905549742c15d64e537?s=96&d=mm&r=g\",\"contentUrl\":\"https:\/\/secure.gravatar.com\/avatar\/c11081acb1227905549742c15d64e537?s=96&d=mm&r=g\",\"caption\":\"Enraizada\"},\"sameAs\":[\"http:\/\/revistaenraizada.com\"],\"url\":\"https:\/\/revistaenraizada.com\/index.php\/author\/du12ecbyje\/\"}]}<\/script>\n<!-- \/ Yoast SEO plugin. -->","yoast_head_json":{"title":"02 - \u00bfQui\u00e9n era William Walker? [podcast] - Revista Enraizada","description":"En este cap\u00edtulo, hablamos del gobierno de William Walker en Nicaragua . Ej\u00e9rcitos pitatas, esclavitud, y ciudades prendidas fuego.","robots":{"index":"index","follow":"follow","max-snippet":"max-snippet:-1","max-image-preview":"max-image-preview:large","max-video-preview":"max-video-preview:-1"},"canonical":"https:\/\/revistaenraizada.com\/index.php\/2021\/03\/22\/podcast-william-walker\/","og_locale":"es_ES","og_type":"article","og_title":"02 - \u00bfQui\u00e9n era William Walker? [podcast] - Revista Enraizada","og_description":"En este cap\u00edtulo, hablamos del gobierno de William Walker en Nicaragua . Ej\u00e9rcitos pitatas, esclavitud, y ciudades prendidas fuego.","og_url":"https:\/\/revistaenraizada.com\/index.php\/2021\/03\/22\/podcast-william-walker\/","og_site_name":"Revista Enraizada","article_publisher":"https:\/\/www.facebook.com\/enraizada.historia","article_published_time":"2021-03-22T15:00:00+00:00","article_modified_time":"2023-04-04T15:25:05+00:00","og_image":[{"width":800,"height":600,"url":"https:\/\/revistaenraizada.com\/wp-content\/uploads\/2021\/09\/Falta-muy-poco-25.png","type":"image\/png"}],"author":"Enraizada","twitter_card":"summary_large_image","twitter_misc":{"Escrito por":"Enraizada","Tiempo de lectura":"2 minutos"},"schema":{"@context":"https:\/\/schema.org","@graph":[{"@type":"Organization","@id":"https:\/\/revistaenraizada.com\/#organization","name":"Revista Enraizada","url":"https:\/\/revistaenraizada.com\/","sameAs":["https:\/\/www.instagram.com\/revista.enraizada\/","https:\/\/www.facebook.com\/enraizada.historia"],"logo":{"@type":"ImageObject","inLanguage":"es-AR","@id":"https:\/\/revistaenraizada.com\/#\/schema\/logo\/image\/","url":"https:\/\/revistaenraizada.com\/wp-content\/uploads\/2020\/09\/Logo-oficial.jpg","contentUrl":"https:\/\/revistaenraizada.com\/wp-content\/uploads\/2020\/09\/Logo-oficial.jpg","width":1043,"height":896,"caption":"Revista Enraizada"},"image":{"@id":"https:\/\/revistaenraizada.com\/#\/schema\/logo\/image\/"}},{"@type":"WebSite","@id":"https:\/\/revistaenraizada.com\/#website","url":"https:\/\/revistaenraizada.com\/","name":"Revista Enraizada","description":"Historia y cosas.","publisher":{"@id":"https:\/\/revistaenraizada.com\/#organization"},"potentialAction":[{"@type":"SearchAction","target":{"@type":"EntryPoint","urlTemplate":"https:\/\/revistaenraizada.com\/?s={search_term_string}"},"query-input":"required name=search_term_string"}],"inLanguage":"es-AR"},{"@type":"WebPage","@id":"https:\/\/revistaenraizada.com\/index.php\/2021\/03\/22\/podcast-william-walker\/","url":"https:\/\/revistaenraizada.com\/index.php\/2021\/03\/22\/podcast-william-walker\/","name":"02 - \u00bfQui\u00e9n era William Walker? [podcast] - Revista Enraizada","isPartOf":{"@id":"https:\/\/revistaenraizada.com\/#website"},"datePublished":"2021-03-22T15:00:00+00:00","dateModified":"2023-04-04T15:25:05+00:00","description":"En este cap\u00edtulo, hablamos del gobierno de William Walker en Nicaragua . Ej\u00e9rcitos pitatas, esclavitud, y ciudades prendidas fuego.","breadcrumb":{"@id":"https:\/\/revistaenraizada.com\/index.php\/2021\/03\/22\/podcast-william-walker\/#breadcrumb"},"inLanguage":"es-AR","potentialAction":[{"@type":"ReadAction","target":["https:\/\/revistaenraizada.com\/index.php\/2021\/03\/22\/podcast-william-walker\/"]}]},{"@type":"BreadcrumbList","@id":"https:\/\/revistaenraizada.com\/index.php\/2021\/03\/22\/podcast-william-walker\/#breadcrumb","itemListElement":[{"@type":"ListItem","position":1,"name":"Inicio","item":"https:\/\/revistaenraizada.com\/"},{"@type":"ListItem","position":2,"name":"02 &#8211; \u00bfQui\u00e9n era William Walker? [podcast]"}]},{"@type":"Article","@id":"https:\/\/revistaenraizada.com\/index.php\/2021\/03\/22\/podcast-william-walker\/#article","isPartOf":{"@id":"https:\/\/revistaenraizada.com\/index.php\/2021\/03\/22\/podcast-william-walker\/"},"author":{"name":"Enraizada","@id":"https:\/\/revistaenraizada.com\/#\/schema\/person\/958fbbce23c17ef55c6f7489ba3bbd18"},"headline":"02 &#8211; \u00bfQui\u00e9n era William Walker? [podcast]","datePublished":"2021-03-22T15:00:00+00:00","dateModified":"2023-04-04T15:25:05+00:00","mainEntityOfPage":{"@id":"https:\/\/revistaenraizada.com\/index.php\/2021\/03\/22\/podcast-william-walker\/"},"wordCount":120,"commentCount":0,"publisher":{"@id":"https:\/\/revistaenraizada.com\/#organization"},"keywords":["Centroam\u00e9rica","Nicaragua","Podcast","Siglo XIX"],"articleSection":["PODCAST"],"inLanguage":"es-AR","potentialAction":[{"@type":"CommentAction","name":"Comment","target":["https:\/\/revistaenraizada.com\/index.php\/2021\/03\/22\/podcast-william-walker\/#respond"]}]},{"@type":"Person","@id":"https:\/\/revistaenraizada.com\/#\/schema\/person\/958fbbce23c17ef55c6f7489ba3bbd18","name":"Enraizada","image":{"@type":"ImageObject","inLanguage":"es-AR","@id":"https:\/\/revistaenraizada.com\/#\/schema\/person\/image\/","url":"https:\/\/secure.gravatar.com\/avatar\/c11081acb1227905549742c15d64e537?s=96&d=mm&r=g","contentUrl":"https:\/\/secure.gravatar.com\/avatar\/c11081acb1227905549742c15d64e537?s=96&d=mm&r=g","caption":"Enraizada"},"sameAs":["http:\/\/revistaenraizada.com"],"url":"https:\/\/revistaenraizada.com\/index.php\/author\/du12ecbyje\/"}]}},"_links":{"self":[{"href":"https:\/\/revistaenraizada.com\/index.php\/wp-json\/wp\/v2\/posts\/939"}],"collection":[{"href":"https:\/\/revistaenraizada.com\/index.php\/wp-json\/wp\/v2\/posts"}],"about":[{"href":"https:\/\/revistaenraizada.com\/index.php\/wp-json\/wp\/v2\/types\/post"}],"author":[{"embeddable":true,"href":"https:\/\/revistaenraizada.com\/index.php\/wp-json\/wp\/v2\/users\/1"}],"replies":[{"embeddable":true,"href":"https:\/\/revistaenraizada.com\/index.php\/wp-json\/wp\/v2\/comments?post=939"}],"version-history":[{"count":3,"href":"https:\/\/revistaenraizada.com\/index.php\/wp-json\/wp\/v2\/posts\/939\/revisions"}],"predecessor-version":[{"id":967,"href":"https:\/\/revistaenraizada.com\/index.php\/wp-json\/wp\/v2\/posts\/939\/revisions\/967"}],"wp:featuredmedia":[{"embeddable":true,"href":"https:\/\/revistaenraizada.com\/index.php\/wp-json\/wp\/v2\/media\/941"}],"wp:attachment":[{"href":"https:\/\/revistaenraizada.com\/index.php\/wp-json\/wp\/v2\/media?parent=939"}],"wp:term":[{"taxonomy":"category","embeddable":true,"href":"https:\/\/revistaenraizada.com\/index.php\/wp-json\/wp\/v2\/categories?post=939"},{"taxonomy":"post_tag","embeddable":true,"href":"https:\/\/revistaenraizada.com\/index.php\/wp-json\/wp\/v2\/tags?post=939"}],"curies":[{"name":"wp","href":"https:\/\/api.w.org\/{rel}","templated":true}]}}